{"id":20725,"date":"2021-04-06T13:10:49","date_gmt":"2021-04-06T13:10:49","guid":{"rendered":"https:\/\/blogdorogeriogomes.com.br\/?p=20725"},"modified":"2021-04-06T13:10:52","modified_gmt":"2021-04-06T13:10:52","slug":"camilo-santana-reage-a-constantes-reajustes-da-petrobras-nos-precos-dos-combustiveis","status":"publish","type":"post","link":"https:\/\/blogdorogeriogomes.com.br\/noticias\/2021\/04\/camilo-santana-reage-a-constantes-reajustes-da-petrobras-nos-precos-dos-combustiveis\/","title":{"rendered":"Camilo Santana reage a constantes reajustes da Petrobras nos pre\u00e7os dos combust\u00edveis"},"content":{"rendered":"\n<p>O governador do Cear\u00e1, Camilo Santana, reagiu a mais um an\u00fancio de reajuste feito pela Petrobras que atinge os pre\u00e7os dos combust\u00edveis e do g\u00e1s de cozinha. No acumulado do ano, a gasolina registra alta de 40,76%, enquanto o diesel, de 36,14%. A partir de 1\u00b0 de maio, o g\u00e1s natural fica mais caro. O pre\u00e7o do produto para as distribuidoras vai subir 39%.<\/p>\n\n\n\n<p>Camilo disse que os bolsonaristas costumam criticar os governadores pelo aumento nos combust\u00edveis, por causa da incid\u00eancia do Imposto sobre Circula\u00e7\u00e3o de Mercadorias e Servi\u00e7os (ICMS). No entanto, o governador cearense ressalta que o maior problema est\u00e1 no fato da pol\u00edtica de pre\u00e7os da Petrobras, hoje, atrelar os reajustes ao valor do d\u00f3lar no mercado internacional.<\/p>\n\n\n\n<p>&#8220;A Petrobras segue aumentando pre\u00e7os de forma absurda. Enquanto isso, espalham Fake News de que os aumentos dos combust\u00edveis partem dos estados. Mentira! Para se ter uma ideia, o \u00faltimo aumento de ICMS do diesel aqui no Cear\u00e1 foi em 1998, portanto h\u00e1 23 anos. E por qu\u00ea os combust\u00edveis sobem tanto? Porque a Petrobras, do Governo Federal, pratica os aumentos de acordo com o pre\u00e7o do d\u00f3lar. Um verdadeiro absurdo!&#8221;, desabafou Camilo Santana nas redes sociais.<\/p>\n\n\n\n<figure class=\"wp-block-image size-large\"><img loading=\"lazy\" decoding=\"async\" width=\"783\" height=\"391\" src=\"https:\/\/blogdorogeriogomes.com.br\/wp-content\/uploads\/2021\/04\/images-1.jpeg\" alt=\"\" class=\"wp-image-20726\" srcset=\"https:\/\/blogdorogeriogomes.com.br\/noticias\/wp-content\/uploads\/2021\/04\/images-1.jpeg 783w, https:\/\/blogdorogeriogomes.com.br\/noticias\/wp-content\/uploads\/2021\/04\/images-1-300x150.jpeg 300w, https:\/\/blogdorogeriogomes.com.br\/noticias\/wp-content\/uploads\/2021\/04\/images-1-768x384.jpeg 768w\" sizes=\"auto, (max-width: 783px) 100vw, 783px\" \/><\/figure>\n","protected":false},"excerpt":{"rendered":"<p>O governador do Cear\u00e1, Camilo Santana, reagiu a mais um an\u00fancio de reajuste feito pela Petrobras que atinge os pre\u00e7os dos combust\u00edveis e do g\u00e1s de cozinha. No acumulado do ano, a gasolina registra alta de 40,76%, enquanto o diesel, de 36,14%. A partir de 1\u00b0 de maio, o g\u00e1s natural fica mais caro. O pre\u00e7o do produto para as distribuidoras vai subir 39%. Camilo disse que os bolsonaristas costumam criticar os governadores pelo aumento nos combust\u00edveis, por causa&hellip;<\/p>\n","protected":false},"author":1,"featured_media":0,"comment_status":"open","ping_status":"open","sticky":false,"template":"","format":"standard","meta":{"footnotes":""},"categories":[1],"tags":[],"class_list":["post-20725","post","type-post","status-publish","format-standard","hentry","category-noticias"],"_links":{"self":[{"href":"https:\/\/blogdorogeriogomes.com.br\/noticias\/wp-json\/wp\/v2\/posts\/20725","targetHints":{"allow":["GET"]}}],"collection":[{"href":"https:\/\/blogdorogeriogomes.com.br\/noticias\/wp-json\/wp\/v2\/posts"}],"about":[{"href":"https:\/\/blogdorogeriogomes.com.br\/noticias\/wp-json\/wp\/v2\/types\/post"}],"author":[{"embeddable":true,"href":"https:\/\/blogdorogeriogomes.com.br\/noticias\/wp-json\/wp\/v2\/users\/1"}],"replies":[{"embeddable":true,"href":"https:\/\/blogdorogeriogomes.com.br\/noticias\/wp-json\/wp\/v2\/comments?post=20725"}],"version-history":[{"count":1,"href":"https:\/\/blogdorogeriogomes.com.br\/noticias\/wp-json\/wp\/v2\/posts\/20725\/revisions"}],"predecessor-version":[{"id":20727,"href":"https:\/\/blogdorogeriogomes.com.br\/noticias\/wp-json\/wp\/v2\/posts\/20725\/revisions\/20727"}],"wp:attachment":[{"href":"https:\/\/blogdorogeriogomes.com.br\/noticias\/wp-json\/wp\/v2\/media?parent=20725"}],"wp:term":[{"taxonomy":"category","embeddable":true,"href":"https:\/\/blogdorogeriogomes.com.br\/noticias\/wp-json\/wp\/v2\/categories?post=20725"},{"taxonomy":"post_tag","embeddable":true,"href":"https:\/\/blogdorogeriogomes.com.br\/noticias\/wp-json\/wp\/v2\/tags?post=20725"}],"curies":[{"name":"wp","href":"https:\/\/api.w.org\/{rel}","templated":true}]}}