{"id":20728,"date":"2021-04-06T20:23:11","date_gmt":"2021-04-06T20:23:11","guid":{"rendered":"https:\/\/blogdorogeriogomes.com.br\/?p=20728"},"modified":"2021-04-07T12:50:15","modified_gmt":"2021-04-07T12:50:15","slug":"bolsonaro-empossa-seis-ministros-em-cerimonia-reservada-e-autoriza-nova-mudanca-na-policia-federal","status":"publish","type":"post","link":"https:\/\/blogdorogeriogomes.com.br\/noticias\/2021\/04\/bolsonaro-empossa-seis-ministros-em-cerimonia-reservada-e-autoriza-nova-mudanca-na-policia-federal\/","title":{"rendered":"Bolsonaro empossa seis ministros em cerim\u00f4nia reservada e autoriza nova mudan\u00e7a na Pol\u00edcia Federal"},"content":{"rendered":"\n<p>Dando continuidade \u00e0s mudan\u00e7as de comando nos minist\u00e9rios diante da crise instaurada em seu governo, o presidente Jair Bolsonaro empossou em cerim\u00f4nia reservada, nesta ter\u00e7a-feira, dia 6 de abril, os novos seis ministros escolhidos na semana passada. A solenidade restrita no Pal\u00e1cio do Planalto marcou a oficializa\u00e7\u00e3o dos novos titulares da Casa Civil, da Secretaria de Governo, do Minist\u00e9rio da Justi\u00e7a e Seguran\u00e7a P\u00fablica, do Minist\u00e9rio das Rela\u00e7\u00f5es Exteriores, do Minist\u00e9rio da Defesa e da Advocacia-Geral da Uni\u00e3o.<\/p>\n\n\n\n<p>A &#8220;dan\u00e7a das cadeiras&#8221; seguiu da seguinte forma: antes na Secretaria de Governo, o general Luiz Eduardo Ramos agora responde pela Casa Civil. Em seu lugar no antigo cargo agora est\u00e1 a deputada federal Fl\u00e1via Arruda (PL), nome do Centr\u00e3o. O general Walter Braga Netto, antes na Casa Civil, assumiu o Minist\u00e9rio da Defesa. Andr\u00e9 Mendon\u00e7a retomou o cargo na AGU, deixando o Minist\u00e9rio da Justi\u00e7a com Anderson Torres. No Itamaraty, Carlos Alberto Fran\u00e7a tem o papel de buscar novos horizontes ap\u00f3s a cr\u00edtica gest\u00e3o de Ernesto Ara\u00fajo na diplomacia nacional.<\/p>\n\n\n\n<p>Ao apresentar o novo ministro da Justi\u00e7a e Seguran\u00e7a P\u00fablica, Bolsonaro disse abertamente que Anderson Torres (foto) tem &#8220;a sua pr\u00f3pria Pol\u00edcia Federal&#8221;, autorizando tamb\u00e9m novas mudan\u00e7as na Pol\u00edcia Federal e Pol\u00edcia Rodovi\u00e1ria Federal.<\/p>\n\n\n\n<p>Ano passado, o ex-ministro e ex-juiz S\u00e9rgio Moro j\u00e1 havia acusado, antes do pedido de demiss\u00e3o, tentativas de inger\u00eancia na PF pelo presidente. <\/p>\n\n\n\n<figure class=\"wp-block-image size-large\"><img loading=\"lazy\" decoding=\"async\" width=\"984\" height=\"656\" src=\"https:\/\/blogdorogeriogomes.com.br\/wp-content\/uploads\/2021\/04\/51099601998-57bf45d61a-k.jpg\" alt=\"\" class=\"wp-image-20729\" srcset=\"https:\/\/blogdorogeriogomes.com.br\/noticias\/wp-content\/uploads\/2021\/04\/51099601998-57bf45d61a-k.jpg 984w, https:\/\/blogdorogeriogomes.com.br\/noticias\/wp-content\/uploads\/2021\/04\/51099601998-57bf45d61a-k-300x200.jpg 300w, https:\/\/blogdorogeriogomes.com.br\/noticias\/wp-content\/uploads\/2021\/04\/51099601998-57bf45d61a-k-768x512.jpg 768w, https:\/\/blogdorogeriogomes.com.br\/noticias\/wp-content\/uploads\/2021\/04\/51099601998-57bf45d61a-k-800x533.jpg 800w\" sizes=\"auto, (max-width: 984px) 100vw, 984px\" \/><\/figure>\n","protected":false},"excerpt":{"rendered":"<p>Dando continuidade \u00e0s mudan\u00e7as de comando nos minist\u00e9rios diante da crise instaurada em seu governo, o presidente Jair Bolsonaro empossou em cerim\u00f4nia reservada, nesta ter\u00e7a-feira, dia 6 de abril, os novos seis ministros escolhidos na semana passada. A solenidade restrita no Pal\u00e1cio do Planalto marcou a oficializa\u00e7\u00e3o dos novos titulares da Casa Civil, da Secretaria de Governo, do Minist\u00e9rio da Justi\u00e7a e Seguran\u00e7a P\u00fablica, do Minist\u00e9rio das Rela\u00e7\u00f5es Exteriores, do Minist\u00e9rio da Defesa e da Advocacia-Geral da Uni\u00e3o. A&hellip;<\/p>\n","protected":false},"author":1,"featured_media":20729,"comment_status":"open","ping_status":"open","sticky":false,"template":"","format":"standard","meta":{"footnotes":""},"categories":[1],"tags":[],"class_list":["post-20728","post","type-post","status-publish","format-standard","has-post-thumbnail","hentry","category-noticias"],"_links":{"self":[{"href":"https:\/\/blogdorogeriogomes.com.br\/noticias\/wp-json\/wp\/v2\/posts\/20728","targetHints":{"allow":["GET"]}}],"collection":[{"href":"https:\/\/blogdorogeriogomes.com.br\/noticias\/wp-json\/wp\/v2\/posts"}],"about":[{"href":"https:\/\/blogdorogeriogomes.com.br\/noticias\/wp-json\/wp\/v2\/types\/post"}],"author":[{"embeddable":true,"href":"https:\/\/blogdorogeriogomes.com.br\/noticias\/wp-json\/wp\/v2\/users\/1"}],"replies":[{"embeddable":true,"href":"https:\/\/blogdorogeriogomes.com.br\/noticias\/wp-json\/wp\/v2\/comments?post=20728"}],"version-history":[{"count":1,"href":"https:\/\/blogdorogeriogomes.com.br\/noticias\/wp-json\/wp\/v2\/posts\/20728\/revisions"}],"predecessor-version":[{"id":20730,"href":"https:\/\/blogdorogeriogomes.com.br\/noticias\/wp-json\/wp\/v2\/posts\/20728\/revisions\/20730"}],"wp:featuredmedia":[{"embeddable":true,"href":"https:\/\/blogdorogeriogomes.com.br\/noticias\/wp-json\/wp\/v2\/media\/20729"}],"wp:attachment":[{"href":"https:\/\/blogdorogeriogomes.com.br\/noticias\/wp-json\/wp\/v2\/media?parent=20728"}],"wp:term":[{"taxonomy":"category","embeddable":true,"href":"https:\/\/blogdorogeriogomes.com.br\/noticias\/wp-json\/wp\/v2\/categories?post=20728"},{"taxonomy":"post_tag","embeddable":true,"href":"https:\/\/blogdorogeriogomes.com.br\/noticias\/wp-json\/wp\/v2\/tags?post=20728"}],"curies":[{"name":"wp","href":"https:\/\/api.w.org\/{rel}","templated":true}]}}