{"id":20734,"date":"2021-04-07T10:01:40","date_gmt":"2021-04-07T10:01:40","guid":{"rendered":"https:\/\/blogdorogeriogomes.com.br\/?p=20734"},"modified":"2021-04-07T12:49:56","modified_gmt":"2021-04-07T12:49:56","slug":"iniciativa-privada-consegue-autorizacao-da-camara-dos-deputados-para-comprar-vacina-contra-a-covid-19","status":"publish","type":"post","link":"https:\/\/blogdorogeriogomes.com.br\/noticias\/2021\/04\/iniciativa-privada-consegue-autorizacao-da-camara-dos-deputados-para-comprar-vacina-contra-a-covid-19\/","title":{"rendered":"Iniciativa privada consegue autoriza\u00e7\u00e3o da C\u00e2mara dos Deputados para comprar vacina contra a Covid-19"},"content":{"rendered":"\n<p>A iniciativa privada conseguiu autoriza\u00e7\u00e3o para comprar vacinas contra o coronav\u00edrus. A C\u00e2mara dos Deputados aprovou nesta ter\u00e7a-feira, dia 6 de abril, o texto-base de um projeto que autoriza empresas privadas a comprarem vacinas contra a Covid para imunizar os funcion\u00e1rios.<\/p>\n\n\n\n<p>O projeto retira a exig\u00eancia, atualmente prevista em lei, de que as empresas s\u00f3 possam come\u00e7ar a vacina\u00e7\u00e3o pr\u00f3pria ap\u00f3s a imuniza\u00e7\u00e3o dos grupos priorit\u00e1rios pelo Sistema \u00danico de Sa\u00fade (SUS).<\/p>\n\n\n\n<p>O texto tamb\u00e9m permite a compra de imunizantes autorizados por ag\u00eancias estrangeiras reconhecidas pela Organiza\u00e7\u00e3o Mundial da Sa\u00fade (OMS), mesmo que n\u00e3o tenham registro ou autoriza\u00e7\u00e3o da Anvisa.<\/p>\n\n\n\n<figure class=\"wp-block-image size-large\"><img loading=\"lazy\" decoding=\"async\" width=\"540\" height=\"304\" src=\"https:\/\/blogdorogeriogomes.com.br\/wp-content\/uploads\/2021\/04\/img20210406154533037.jpg\" alt=\"\" class=\"wp-image-20735\" srcset=\"https:\/\/blogdorogeriogomes.com.br\/noticias\/wp-content\/uploads\/2021\/04\/img20210406154533037.jpg 540w, https:\/\/blogdorogeriogomes.com.br\/noticias\/wp-content\/uploads\/2021\/04\/img20210406154533037-300x169.jpg 300w\" sizes=\"auto, (max-width: 540px) 100vw, 540px\" \/><\/figure>\n","protected":false},"excerpt":{"rendered":"<p>A iniciativa privada conseguiu autoriza\u00e7\u00e3o para comprar vacinas contra o coronav\u00edrus. A C\u00e2mara dos Deputados aprovou nesta ter\u00e7a-feira, dia 6 de abril, o texto-base de um projeto que autoriza empresas privadas a comprarem vacinas contra a Covid para imunizar os funcion\u00e1rios. O projeto retira a exig\u00eancia, atualmente prevista em lei, de que as empresas s\u00f3 possam come\u00e7ar a vacina\u00e7\u00e3o pr\u00f3pria ap\u00f3s a imuniza\u00e7\u00e3o dos grupos priorit\u00e1rios pelo Sistema \u00danico de Sa\u00fade (SUS). O texto tamb\u00e9m permite a compra de&hellip;<\/p>\n","protected":false},"author":1,"featured_media":20735,"comment_status":"open","ping_status":"open","sticky":false,"template":"","format":"standard","meta":{"footnotes":""},"categories":[1],"tags":[],"class_list":["post-20734","post","type-post","status-publish","format-standard","has-post-thumbnail","hentry","category-noticias"],"_links":{"self":[{"href":"https:\/\/blogdorogeriogomes.com.br\/noticias\/wp-json\/wp\/v2\/posts\/20734","targetHints":{"allow":["GET"]}}],"collection":[{"href":"https:\/\/blogdorogeriogomes.com.br\/noticias\/wp-json\/wp\/v2\/posts"}],"about":[{"href":"https:\/\/blogdorogeriogomes.com.br\/noticias\/wp-json\/wp\/v2\/types\/post"}],"author":[{"embeddable":true,"href":"https:\/\/blogdorogeriogomes.com.br\/noticias\/wp-json\/wp\/v2\/users\/1"}],"replies":[{"embeddable":true,"href":"https:\/\/blogdorogeriogomes.com.br\/noticias\/wp-json\/wp\/v2\/comments?post=20734"}],"version-history":[{"count":1,"href":"https:\/\/blogdorogeriogomes.com.br\/noticias\/wp-json\/wp\/v2\/posts\/20734\/revisions"}],"predecessor-version":[{"id":20736,"href":"https:\/\/blogdorogeriogomes.com.br\/noticias\/wp-json\/wp\/v2\/posts\/20734\/revisions\/20736"}],"wp:featuredmedia":[{"embeddable":true,"href":"https:\/\/blogdorogeriogomes.com.br\/noticias\/wp-json\/wp\/v2\/media\/20735"}],"wp:attachment":[{"href":"https:\/\/blogdorogeriogomes.com.br\/noticias\/wp-json\/wp\/v2\/media?parent=20734"}],"wp:term":[{"taxonomy":"category","embeddable":true,"href":"https:\/\/blogdorogeriogomes.com.br\/noticias\/wp-json\/wp\/v2\/categories?post=20734"},{"taxonomy":"post_tag","embeddable":true,"href":"https:\/\/blogdorogeriogomes.com.br\/noticias\/wp-json\/wp\/v2\/tags?post=20734"}],"curies":[{"name":"wp","href":"https:\/\/api.w.org\/{rel}","templated":true}]}}