{"id":20737,"date":"2021-04-07T10:31:21","date_gmt":"2021-04-07T10:31:21","guid":{"rendered":"https:\/\/blogdorogeriogomes.com.br\/?p=20737"},"modified":"2021-04-07T12:49:45","modified_gmt":"2021-04-07T12:49:45","slug":"aumenta-disputa-interna-no-governo-bolsonaro-na-indicacao-para-a-vaga-do-ministro-marco-aurelio-no-stf","status":"publish","type":"post","link":"https:\/\/blogdorogeriogomes.com.br\/noticias\/2021\/04\/aumenta-disputa-interna-no-governo-bolsonaro-na-indicacao-para-a-vaga-do-ministro-marco-aurelio-no-stf\/","title":{"rendered":"Aumenta disputa interna no Governo Bolsonaro na indica\u00e7\u00e3o para a vaga do ministro Marco Aur\u00e9lio no STF"},"content":{"rendered":"\n<p>O ministro do Supremo Tribunal Federal (STF), Marco Aur\u00e9lio Mello, vai se aposentar da Corte no dia 5 de julho deste ano, ao completar 75 anos, que \u00e9 a data limite para que o cargo fique vago. Com a aposentadoria do ministro, cabe ao presidente Jair Bolsonaro indicar um substituto para o posto. Ele j\u00e1 indicou que quer um ministro &#8220;terrivelmente evang\u00e9lico&#8221;. E a disputa interna dentro do Governo Federal pela vaga s\u00f3 aumenta. O advogado-geral da Uni\u00e3o, Andr\u00e9 Mendon\u00e7a, e o procurador-geral da Rep\u00fablica, Augusto Aras, s\u00e3o cotados para substituir o ministro Marco Aur\u00e9lio, ap\u00f3s tomarem atitudes bem-vistas pelo presidente e por segmentos religiosos. Os dois tentam agradar Bolsonaro de todas as formas com tomadas de decis\u00f5es at\u00e9 questionadas juridicamente.<br>Andr\u00e9 Mendon\u00e7a, ex-ministro da Justi\u00e7a, \u00e9 evang\u00e9lico e pastor da Igreja Presbiteriana de Bras\u00edlia, al\u00e9m de ser pr\u00f3ximo ao presidente. <br>Tanto Mendon\u00e7a, quanto Aras fazem acenos para evang\u00e9licos. Um exemplo \u00e9 a a\u00e7\u00e3o contra o fechamento de igrejas em S\u00e3o Paulo durante a semana santa.<br>A indica\u00e7\u00e3o precisa ocorrer com pelo menos 15 dias de anteced\u00eancia \u00e0 aposentadoria do ministro Marco Aur\u00e9lio. <\/p>\n\n\n\n<p>Bolsonaro j\u00e1 indicou o atual ministro do STF, Kassio Nunes Marques. Por enquanto, Kassio vem seguindo \u00e0 risca os votos de interesse do presidente Bolsonaro, de tal forma, que algumas decis\u00f5es v\u00eam causando cr\u00edticas dos colegas do STF. Nunes Marques j\u00e1 est\u00e1 conhecido como &#8220;homem do Bolsonaro&#8221; no STF.<\/p>\n\n\n\n<figure class=\"wp-block-image size-large\"><img loading=\"lazy\" decoding=\"async\" width=\"1024\" height=\"615\" src=\"https:\/\/blogdorogeriogomes.com.br\/wp-content\/uploads\/2021\/04\/IMG-20210406-WA0103-1024x615.jpg\" alt=\"\" class=\"wp-image-20738\" srcset=\"https:\/\/blogdorogeriogomes.com.br\/noticias\/wp-content\/uploads\/2021\/04\/IMG-20210406-WA0103-1024x615.jpg 1024w, https:\/\/blogdorogeriogomes.com.br\/noticias\/wp-content\/uploads\/2021\/04\/IMG-20210406-WA0103-300x180.jpg 300w, https:\/\/blogdorogeriogomes.com.br\/noticias\/wp-content\/uploads\/2021\/04\/IMG-20210406-WA0103-768x461.jpg 768w, https:\/\/blogdorogeriogomes.com.br\/noticias\/wp-content\/uploads\/2021\/04\/IMG-20210406-WA0103-800x480.jpg 800w, https:\/\/blogdorogeriogomes.com.br\/noticias\/wp-content\/uploads\/2021\/04\/IMG-20210406-WA0103.jpg 1086w\" sizes=\"auto, (max-width: 1024px) 100vw, 1024px\" \/><\/figure>\n","protected":false},"excerpt":{"rendered":"<p>O ministro do Supremo Tribunal Federal (STF), Marco Aur\u00e9lio Mello, vai se aposentar da Corte no dia 5 de julho deste ano, ao completar 75 anos, que \u00e9 a data limite para que o cargo fique vago. Com a aposentadoria do ministro, cabe ao presidente Jair Bolsonaro indicar um substituto para o posto. Ele j\u00e1 indicou que quer um ministro &#8220;terrivelmente evang\u00e9lico&#8221;. E a disputa interna dentro do Governo Federal pela vaga s\u00f3 aumenta. O advogado-geral da Uni\u00e3o, Andr\u00e9&hellip;<\/p>\n","protected":false},"author":1,"featured_media":20738,"comment_status":"open","ping_status":"open","sticky":false,"template":"","format":"standard","meta":{"footnotes":""},"categories":[1],"tags":[],"class_list":["post-20737","post","type-post","status-publish","format-standard","has-post-thumbnail","hentry","category-noticias"],"_links":{"self":[{"href":"https:\/\/blogdorogeriogomes.com.br\/noticias\/wp-json\/wp\/v2\/posts\/20737","targetHints":{"allow":["GET"]}}],"collection":[{"href":"https:\/\/blogdorogeriogomes.com.br\/noticias\/wp-json\/wp\/v2\/posts"}],"about":[{"href":"https:\/\/blogdorogeriogomes.com.br\/noticias\/wp-json\/wp\/v2\/types\/post"}],"author":[{"embeddable":true,"href":"https:\/\/blogdorogeriogomes.com.br\/noticias\/wp-json\/wp\/v2\/users\/1"}],"replies":[{"embeddable":true,"href":"https:\/\/blogdorogeriogomes.com.br\/noticias\/wp-json\/wp\/v2\/comments?post=20737"}],"version-history":[{"count":1,"href":"https:\/\/blogdorogeriogomes.com.br\/noticias\/wp-json\/wp\/v2\/posts\/20737\/revisions"}],"predecessor-version":[{"id":20739,"href":"https:\/\/blogdorogeriogomes.com.br\/noticias\/wp-json\/wp\/v2\/posts\/20737\/revisions\/20739"}],"wp:featuredmedia":[{"embeddable":true,"href":"https:\/\/blogdorogeriogomes.com.br\/noticias\/wp-json\/wp\/v2\/media\/20738"}],"wp:attachment":[{"href":"https:\/\/blogdorogeriogomes.com.br\/noticias\/wp-json\/wp\/v2\/media?parent=20737"}],"wp:term":[{"taxonomy":"category","embeddable":true,"href":"https:\/\/blogdorogeriogomes.com.br\/noticias\/wp-json\/wp\/v2\/categories?post=20737"},{"taxonomy":"post_tag","embeddable":true,"href":"https:\/\/blogdorogeriogomes.com.br\/noticias\/wp-json\/wp\/v2\/tags?post=20737"}],"curies":[{"name":"wp","href":"https:\/\/api.w.org\/{rel}","templated":true}]}}