{"id":20740,"date":"2021-04-07T23:13:02","date_gmt":"2021-04-07T23:13:02","guid":{"rendered":"https:\/\/blogdorogeriogomes.com.br\/?p=20740"},"modified":"2021-04-08T15:33:10","modified_gmt":"2021-04-08T15:33:10","slug":"camilo-santana-anuncia-auxilio-cesta-basica-de-r-200-para-150-mil-familias-cearenses","status":"publish","type":"post","link":"https:\/\/blogdorogeriogomes.com.br\/noticias\/2021\/04\/camilo-santana-anuncia-auxilio-cesta-basica-de-r-200-para-150-mil-familias-cearenses\/","title":{"rendered":"Camilo Santana anuncia aux\u00edlio cesta b\u00e1sica de R$ 200 para 150 mil fam\u00edlias cearenses"},"content":{"rendered":"\n<p>O governador Camilo Santana (PT) anunciou, nesta quarta-feira, dia 7 de abril, a garantia de aux\u00edlio cesta b\u00e1sica de R$ 200 para fam\u00edlias em situa\u00e7\u00e3o de vulnerabilidade social no Cear\u00e1. Ser\u00e3o beneficiadas cerca de 150 mil fam\u00edlias, com dois meses de pagamento. A a\u00e7\u00e3o \u00e9 voltada a profissionais do transporte complementar e transporte escolar, ambulantes, feirantes, taxistas e mototaxistas, guias tur\u00edsticos, dentre outras atividades associadas.<\/p>\n\n\n\n<p>O recebimento do valor ser\u00e1 por meio de cart\u00e3o para os benefici\u00e1rios utilizarem nas compras. Camilo ressaltou que, al\u00e9m da medida, o setor de transporte no Estado ter\u00e1 isen\u00e7\u00e3o em abril e maio do pagamento da taxa de regula\u00e7\u00e3o dos servi\u00e7os, determina\u00e7\u00e3o v\u00e1lida para transporte regular e tamb\u00e9m complementar.<\/p>\n\n\n\n<p>O chefe executivo estadual tamb\u00e9m informou que foi iniciada nesta quarta a distribui\u00e7\u00e3o de botij\u00f5es de g\u00e1s para fam\u00edlias pobres de munic\u00edpios cearenses.<\/p>\n\n\n\n<p>As mensagens do novo pacote de a\u00e7\u00f5es voltados \u00e0 crise sanit\u00e1ria decorrente da pandemia de Covid-19 foram assinadas pelo governador e ser\u00e3o encaminhadas \u00e0 Assembleia Legislativa do Estado do Cear\u00e1 para vota\u00e7\u00e3o.<\/p>\n\n\n\n<figure class=\"wp-block-image size-large\"><img loading=\"lazy\" decoding=\"async\" width=\"701\" height=\"438\" src=\"https:\/\/blogdorogeriogomes.com.br\/wp-content\/uploads\/2021\/04\/images-6.jpeg\" alt=\"\" class=\"wp-image-20741\" srcset=\"https:\/\/blogdorogeriogomes.com.br\/noticias\/wp-content\/uploads\/2021\/04\/images-6.jpeg 701w, https:\/\/blogdorogeriogomes.com.br\/noticias\/wp-content\/uploads\/2021\/04\/images-6-300x187.jpeg 300w\" sizes=\"auto, (max-width: 701px) 100vw, 701px\" \/><\/figure>\n","protected":false},"excerpt":{"rendered":"<p>O governador Camilo Santana (PT) anunciou, nesta quarta-feira, dia 7 de abril, a garantia de aux\u00edlio cesta b\u00e1sica de R$ 200 para fam\u00edlias em situa\u00e7\u00e3o de vulnerabilidade social no Cear\u00e1. Ser\u00e3o beneficiadas cerca de 150 mil fam\u00edlias, com dois meses de pagamento. A a\u00e7\u00e3o \u00e9 voltada a profissionais do transporte complementar e transporte escolar, ambulantes, feirantes, taxistas e mototaxistas, guias tur\u00edsticos, dentre outras atividades associadas. O recebimento do valor ser\u00e1 por meio de cart\u00e3o para os benefici\u00e1rios utilizarem nas&hellip;<\/p>\n","protected":false},"author":1,"featured_media":20741,"comment_status":"open","ping_status":"open","sticky":false,"template":"","format":"standard","meta":{"footnotes":""},"categories":[1],"tags":[],"class_list":["post-20740","post","type-post","status-publish","format-standard","has-post-thumbnail","hentry","category-noticias"],"_links":{"self":[{"href":"https:\/\/blogdorogeriogomes.com.br\/noticias\/wp-json\/wp\/v2\/posts\/20740","targetHints":{"allow":["GET"]}}],"collection":[{"href":"https:\/\/blogdorogeriogomes.com.br\/noticias\/wp-json\/wp\/v2\/posts"}],"about":[{"href":"https:\/\/blogdorogeriogomes.com.br\/noticias\/wp-json\/wp\/v2\/types\/post"}],"author":[{"embeddable":true,"href":"https:\/\/blogdorogeriogomes.com.br\/noticias\/wp-json\/wp\/v2\/users\/1"}],"replies":[{"embeddable":true,"href":"https:\/\/blogdorogeriogomes.com.br\/noticias\/wp-json\/wp\/v2\/comments?post=20740"}],"version-history":[{"count":1,"href":"https:\/\/blogdorogeriogomes.com.br\/noticias\/wp-json\/wp\/v2\/posts\/20740\/revisions"}],"predecessor-version":[{"id":20742,"href":"https:\/\/blogdorogeriogomes.com.br\/noticias\/wp-json\/wp\/v2\/posts\/20740\/revisions\/20742"}],"wp:featuredmedia":[{"embeddable":true,"href":"https:\/\/blogdorogeriogomes.com.br\/noticias\/wp-json\/wp\/v2\/media\/20741"}],"wp:attachment":[{"href":"https:\/\/blogdorogeriogomes.com.br\/noticias\/wp-json\/wp\/v2\/media?parent=20740"}],"wp:term":[{"taxonomy":"category","embeddable":true,"href":"https:\/\/blogdorogeriogomes.com.br\/noticias\/wp-json\/wp\/v2\/categories?post=20740"},{"taxonomy":"post_tag","embeddable":true,"href":"https:\/\/blogdorogeriogomes.com.br\/noticias\/wp-json\/wp\/v2\/tags?post=20740"}],"curies":[{"name":"wp","href":"https:\/\/api.w.org\/{rel}","templated":true}]}}