{"id":20753,"date":"2021-04-08T22:59:10","date_gmt":"2021-04-08T22:59:10","guid":{"rendered":"https:\/\/blogdorogeriogomes.com.br\/?p=20753"},"modified":"2021-04-12T17:46:54","modified_gmt":"2021-04-12T17:46:54","slug":"ministro-luis-roberto-barroso-determina-que-o-senado-instale-a-cpi-para-apurar-desmandos-do-ministerio-da-saude-no-combate-a-covid-19","status":"publish","type":"post","link":"https:\/\/blogdorogeriogomes.com.br\/noticias\/2021\/04\/ministro-luis-roberto-barroso-determina-que-o-senado-instale-a-cpi-para-apurar-desmandos-do-ministerio-da-saude-no-combate-a-covid-19\/","title":{"rendered":"Ministro Lu\u00eds Roberto Barroso determina que o Senado instale a CPI para apurar desmandos do Minist\u00e9rio da Sa\u00fade no combate \u00e0 Covid-19"},"content":{"rendered":"\n<p>O STF decidiu agir para investigar os desmandos do Minist\u00e9rio da Sa\u00fade no enfrentamento \u00e0 Covid-19. O ministro do Supremo Tribunal Federal (STF), Lu\u00eds Roberto Barroso, determinou nesta quinta-feira, dia 8 de abril, que o Senado instale uma Comiss\u00e3o Parlamentar de Inqu\u00e9rito (CPI) para apurar eventuais omiss\u00f5es do Governo Federal no enfrentamento da pandemia de Covid-19.<\/p>\n\n\n\n<p>O pedido de cria\u00e7\u00e3o da CPI foi protocolado, em 15 de janeiro, por senadores que querem apurar as a\u00e7\u00f5es e omiss\u00f5es do governo Jair Bolsonaro na crise sanit\u00e1ria. A comiss\u00e3o, no entanto, ainda n\u00e3o tinha sido instalada pelo presidente do Senado, Rodrigo Pacheco (DEM-MG), que vinha alegando que a CPI poderia atrapalhar a campanha de vacina\u00e7\u00e3o contra o coronav\u00edrus.<\/p>\n\n\n\n<figure class=\"wp-block-image size-large\"><img loading=\"lazy\" decoding=\"async\" width=\"679\" height=\"452\" src=\"https:\/\/blogdorogeriogomes.com.br\/wp-content\/uploads\/2021\/04\/images-8.jpeg\" alt=\"\" class=\"wp-image-20754\" srcset=\"https:\/\/blogdorogeriogomes.com.br\/noticias\/wp-content\/uploads\/2021\/04\/images-8.jpeg 679w, https:\/\/blogdorogeriogomes.com.br\/noticias\/wp-content\/uploads\/2021\/04\/images-8-300x200.jpeg 300w\" sizes=\"auto, (max-width: 679px) 100vw, 679px\" \/><\/figure>\n","protected":false},"excerpt":{"rendered":"<p>O STF decidiu agir para investigar os desmandos do Minist\u00e9rio da Sa\u00fade no enfrentamento \u00e0 Covid-19. O ministro do Supremo Tribunal Federal (STF), Lu\u00eds Roberto Barroso, determinou nesta quinta-feira, dia 8 de abril, que o Senado instale uma Comiss\u00e3o Parlamentar de Inqu\u00e9rito (CPI) para apurar eventuais omiss\u00f5es do Governo Federal no enfrentamento da pandemia de Covid-19. O pedido de cria\u00e7\u00e3o da CPI foi protocolado, em 15 de janeiro, por senadores que querem apurar as a\u00e7\u00f5es e omiss\u00f5es do governo&hellip;<\/p>\n","protected":false},"author":1,"featured_media":20754,"comment_status":"open","ping_status":"open","sticky":false,"template":"","format":"standard","meta":{"footnotes":""},"categories":[1],"tags":[],"class_list":["post-20753","post","type-post","status-publish","format-standard","has-post-thumbnail","hentry","category-noticias"],"_links":{"self":[{"href":"https:\/\/blogdorogeriogomes.com.br\/noticias\/wp-json\/wp\/v2\/posts\/20753","targetHints":{"allow":["GET"]}}],"collection":[{"href":"https:\/\/blogdorogeriogomes.com.br\/noticias\/wp-json\/wp\/v2\/posts"}],"about":[{"href":"https:\/\/blogdorogeriogomes.com.br\/noticias\/wp-json\/wp\/v2\/types\/post"}],"author":[{"embeddable":true,"href":"https:\/\/blogdorogeriogomes.com.br\/noticias\/wp-json\/wp\/v2\/users\/1"}],"replies":[{"embeddable":true,"href":"https:\/\/blogdorogeriogomes.com.br\/noticias\/wp-json\/wp\/v2\/comments?post=20753"}],"version-history":[{"count":1,"href":"https:\/\/blogdorogeriogomes.com.br\/noticias\/wp-json\/wp\/v2\/posts\/20753\/revisions"}],"predecessor-version":[{"id":20755,"href":"https:\/\/blogdorogeriogomes.com.br\/noticias\/wp-json\/wp\/v2\/posts\/20753\/revisions\/20755"}],"wp:featuredmedia":[{"embeddable":true,"href":"https:\/\/blogdorogeriogomes.com.br\/noticias\/wp-json\/wp\/v2\/media\/20754"}],"wp:attachment":[{"href":"https:\/\/blogdorogeriogomes.com.br\/noticias\/wp-json\/wp\/v2\/media?parent=20753"}],"wp:term":[{"taxonomy":"category","embeddable":true,"href":"https:\/\/blogdorogeriogomes.com.br\/noticias\/wp-json\/wp\/v2\/categories?post=20753"},{"taxonomy":"post_tag","embeddable":true,"href":"https:\/\/blogdorogeriogomes.com.br\/noticias\/wp-json\/wp\/v2\/tags?post=20753"}],"curies":[{"name":"wp","href":"https:\/\/api.w.org\/{rel}","templated":true}]}}