{"id":20759,"date":"2021-04-08T23:25:47","date_gmt":"2021-04-08T23:25:47","guid":{"rendered":"https:\/\/blogdorogeriogomes.com.br\/?p=20759"},"modified":"2021-04-12T17:46:33","modified_gmt":"2021-04-12T17:46:33","slug":"roberto-claudio-acusa-descaso-do-governo-bolsonaro-diante-da-covid-19-e-defende-empenho-de-governadores-e-prefeitos-na-pandemia","status":"publish","type":"post","link":"https:\/\/blogdorogeriogomes.com.br\/noticias\/2021\/04\/roberto-claudio-acusa-descaso-do-governo-bolsonaro-diante-da-covid-19-e-defende-empenho-de-governadores-e-prefeitos-na-pandemia\/","title":{"rendered":"Roberto Cl\u00e1udio acusa descaso do governo Bolsonaro diante da Covid-19 e defende empenho de governadores e prefeitos na pandemia"},"content":{"rendered":"\n<p>O ex-prefeito de Fortaleza, Roberto Cl\u00e1udio (PDT), fez cr\u00edticas ao Governo Federal e a sua postura negacionista diante da situa\u00e7\u00e3o do Brasil no enfrentamento \u00e0 pandemia decorrente da Covid-19. Para o m\u00e9dico sanitarista, ph.D em Sa\u00fade P\u00fablica, o Pa\u00eds chegou ao n\u00famero de 340 mil mortos pelo coronav\u00edrus, e a marca de 4.200 \u00f3bitos em 24 horas, devido \u00e0 gest\u00e3o do presidente Jair Bolsonaro negar a gravidade do problema e n\u00e3o tomar as medidas sanit\u00e1rias necess\u00e1rias para evitar o aumento dos casos.<\/p>\n\n\n\n<p>&#8220;Diante de um cen\u00e1rio tr\u00e1gico, infelizmente, temos assistido \u00e0 pol\u00edtica do confronto partindo da autoridade m\u00e1xima do Pa\u00eds. O Governo Federal negou o problema, n\u00e3o fez campanhas de comunica\u00e7\u00e3o e, inicialmente, desprezou a vacina, gerando confus\u00e3o de informa\u00e7\u00e3o, promovendo a n\u00e3o ades\u00e3o \u00e0s medidas sanit\u00e1rias e ampliando a dissemina\u00e7\u00e3o viral. A preven\u00e7\u00e3o deve ser promovida pela mudan\u00e7a de h\u00e1bitos. A sa\u00edda para o atual cen\u00e1rio se dar\u00e1, tamb\u00e9m, por meio da vacina\u00e7\u00e3o em massa, sobretudo dos grupos de risco\u201d, defendeu em entrevista \u00e0 TV Democracia. O pedetista tamb\u00e9m ressaltou que \u00e9 preciso deixar a &#8220;ideologia&#8221; de lado e priorizar &#8220;valores humanos b\u00e1sicos&#8221;.<\/p>\n\n\n\n<p>Roberto Cl\u00e1udio afirmou ainda que governadores e prefeitos est\u00e3o tomando as r\u00e9deas do combate \u00e0 Covid-19, com atua\u00e7\u00e3o fundamental para salvar vidas. &#8220;A despeito dos maus exemplos do Governo Federal, \u00e9 poss\u00edvel observar uma grandios\u00edssima maioria de gestores buscando agir responsavelmente. Mesmo prefeitos e governadores alinhados ao presidente t\u00eam praticado, de forma solid\u00e1ria, a emiss\u00e3o de mensagens favor\u00e1veis ao controle da dissemina\u00e7\u00e3o viral&#8221;.<\/p>\n\n\n\n<figure class=\"wp-block-image size-large\"><img loading=\"lazy\" decoding=\"async\" width=\"1024\" height=\"576\" src=\"https:\/\/blogdorogeriogomes.com.br\/wp-content\/uploads\/2021\/04\/IMG-20210408-WA0101-1024x576.jpg\" alt=\"\" class=\"wp-image-20760\" srcset=\"https:\/\/blogdorogeriogomes.com.br\/noticias\/wp-content\/uploads\/2021\/04\/IMG-20210408-WA0101-1024x576.jpg 1024w, https:\/\/blogdorogeriogomes.com.br\/noticias\/wp-content\/uploads\/2021\/04\/IMG-20210408-WA0101-300x169.jpg 300w, https:\/\/blogdorogeriogomes.com.br\/noticias\/wp-content\/uploads\/2021\/04\/IMG-20210408-WA0101-768x432.jpg 768w, https:\/\/blogdorogeriogomes.com.br\/noticias\/wp-content\/uploads\/2021\/04\/IMG-20210408-WA0101-800x450.jpg 800w, https:\/\/blogdorogeriogomes.com.br\/noticias\/wp-content\/uploads\/2021\/04\/IMG-20210408-WA0101.jpg 1280w\" sizes=\"auto, (max-width: 1024px) 100vw, 1024px\" \/><\/figure>\n","protected":false},"excerpt":{"rendered":"<p>O ex-prefeito de Fortaleza, Roberto Cl\u00e1udio (PDT), fez cr\u00edticas ao Governo Federal e a sua postura negacionista diante da situa\u00e7\u00e3o do Brasil no enfrentamento \u00e0 pandemia decorrente da Covid-19. Para o m\u00e9dico sanitarista, ph.D em Sa\u00fade P\u00fablica, o Pa\u00eds chegou ao n\u00famero de 340 mil mortos pelo coronav\u00edrus, e a marca de 4.200 \u00f3bitos em 24 horas, devido \u00e0 gest\u00e3o do presidente Jair Bolsonaro negar a gravidade do problema e n\u00e3o tomar as medidas sanit\u00e1rias necess\u00e1rias para evitar o&hellip;<\/p>\n","protected":false},"author":1,"featured_media":20760,"comment_status":"open","ping_status":"open","sticky":false,"template":"","format":"standard","meta":{"footnotes":""},"categories":[1],"tags":[],"class_list":["post-20759","post","type-post","status-publish","format-standard","has-post-thumbnail","hentry","category-noticias"],"_links":{"self":[{"href":"https:\/\/blogdorogeriogomes.com.br\/noticias\/wp-json\/wp\/v2\/posts\/20759","targetHints":{"allow":["GET"]}}],"collection":[{"href":"https:\/\/blogdorogeriogomes.com.br\/noticias\/wp-json\/wp\/v2\/posts"}],"about":[{"href":"https:\/\/blogdorogeriogomes.com.br\/noticias\/wp-json\/wp\/v2\/types\/post"}],"author":[{"embeddable":true,"href":"https:\/\/blogdorogeriogomes.com.br\/noticias\/wp-json\/wp\/v2\/users\/1"}],"replies":[{"embeddable":true,"href":"https:\/\/blogdorogeriogomes.com.br\/noticias\/wp-json\/wp\/v2\/comments?post=20759"}],"version-history":[{"count":1,"href":"https:\/\/blogdorogeriogomes.com.br\/noticias\/wp-json\/wp\/v2\/posts\/20759\/revisions"}],"predecessor-version":[{"id":20761,"href":"https:\/\/blogdorogeriogomes.com.br\/noticias\/wp-json\/wp\/v2\/posts\/20759\/revisions\/20761"}],"wp:featuredmedia":[{"embeddable":true,"href":"https:\/\/blogdorogeriogomes.com.br\/noticias\/wp-json\/wp\/v2\/media\/20760"}],"wp:attachment":[{"href":"https:\/\/blogdorogeriogomes.com.br\/noticias\/wp-json\/wp\/v2\/media?parent=20759"}],"wp:term":[{"taxonomy":"category","embeddable":true,"href":"https:\/\/blogdorogeriogomes.com.br\/noticias\/wp-json\/wp\/v2\/categories?post=20759"},{"taxonomy":"post_tag","embeddable":true,"href":"https:\/\/blogdorogeriogomes.com.br\/noticias\/wp-json\/wp\/v2\/tags?post=20759"}],"curies":[{"name":"wp","href":"https:\/\/api.w.org\/{rel}","templated":true}]}}