{"id":20762,"date":"2021-04-08T23:39:24","date_gmt":"2021-04-08T23:39:24","guid":{"rendered":"https:\/\/blogdorogeriogomes.com.br\/?p=20762"},"modified":"2021-04-12T17:46:24","modified_gmt":"2021-04-12T17:46:24","slug":"stf-decide-que-estados-e-municipios-podem-proibir-realizacao-de-missas-e-cultos-presenciais-na-pandemia","status":"publish","type":"post","link":"https:\/\/blogdorogeriogomes.com.br\/noticias\/2021\/04\/stf-decide-que-estados-e-municipios-podem-proibir-realizacao-de-missas-e-cultos-presenciais-na-pandemia\/","title":{"rendered":"STF decide que estados e munic\u00edpios podem proibir realiza\u00e7\u00e3o de missas e cultos presenciais na pandemia"},"content":{"rendered":"\n<p>O Supremo Tribunal Federal (STF) autorizou, nesta quinta-feira, dia 8 de abril, que estados e munic\u00edpios pro\u00edbam a realiza\u00e7\u00e3o de missas e cultos presenciais durante a pandemia de Covid-19 por meio de decreto. <\/p>\n\n\n\n<p>O julgamento come\u00e7ou na quarta-feira, dia 7, com o ministro Gilmar Mendes sendo o primeiro a votar contra a libera\u00e7\u00e3o de atividades religiosas. Ele sustentou que a restri\u00e7\u00e3o aos locais n\u00e3o interfere na liberdade religiosa e criticou o advogado-geral da Uni\u00e3o, Andr\u00e9 Mendon\u00e7a, e o procurador-geral da Rep\u00fablica, Augusto Aras, chamando a postura contr\u00e1ria de &#8220;negacionismo&#8221;.<br>Nesta quinta-feira, dos 11 ministros da Corte, nove defenderam que as atividades religiosas poder\u00e3o ser suspensas, a depender da defini\u00e7\u00e3o dos governantes locais. Votaram a favor da possibilidade de restri\u00e7\u00f5es os ministros Gilmar Mendes, relator do caso, Alexandre de Moraes, Edson Fachin, Lu\u00eds Roberto Barroso, Rosa Weber, C\u00e1rmen L\u00facia, Marco Aur\u00e9lio, Ricardo Lewandowski e Luiz Fux. Contra, apenas Nunes Marques e Dias Toffoli. A maioria dos votos usou a Ci\u00eancia como justificativa.<\/p>\n\n\n\n<p>Para os ministros, a atual situa\u00e7\u00e3o cr\u00edtica do Brasil na pandemia justifica que igrejas e templos religiosos sejam fechados temporariamente para evitar aglomera\u00e7\u00f5es em lugares fechados.<br><\/p>\n\n\n\n<figure class=\"wp-block-image size-large\"><img loading=\"lazy\" decoding=\"async\" width=\"660\" height=\"372\" src=\"https:\/\/blogdorogeriogomes.com.br\/wp-content\/uploads\/2021\/04\/images-12.jpeg\" alt=\"\" class=\"wp-image-20763\" srcset=\"https:\/\/blogdorogeriogomes.com.br\/noticias\/wp-content\/uploads\/2021\/04\/images-12.jpeg 660w, https:\/\/blogdorogeriogomes.com.br\/noticias\/wp-content\/uploads\/2021\/04\/images-12-300x169.jpeg 300w\" sizes=\"auto, (max-width: 660px) 100vw, 660px\" \/><\/figure>\n","protected":false},"excerpt":{"rendered":"<p>O Supremo Tribunal Federal (STF) autorizou, nesta quinta-feira, dia 8 de abril, que estados e munic\u00edpios pro\u00edbam a realiza\u00e7\u00e3o de missas e cultos presenciais durante a pandemia de Covid-19 por meio de decreto. O julgamento come\u00e7ou na quarta-feira, dia 7, com o ministro Gilmar Mendes sendo o primeiro a votar contra a libera\u00e7\u00e3o de atividades religiosas. Ele sustentou que a restri\u00e7\u00e3o aos locais n\u00e3o interfere na liberdade religiosa e criticou o advogado-geral da Uni\u00e3o, Andr\u00e9 Mendon\u00e7a, e o procurador-geral&hellip;<\/p>\n","protected":false},"author":1,"featured_media":20763,"comment_status":"open","ping_status":"open","sticky":false,"template":"","format":"standard","meta":{"footnotes":""},"categories":[1],"tags":[],"class_list":["post-20762","post","type-post","status-publish","format-standard","has-post-thumbnail","hentry","category-noticias"],"_links":{"self":[{"href":"https:\/\/blogdorogeriogomes.com.br\/noticias\/wp-json\/wp\/v2\/posts\/20762","targetHints":{"allow":["GET"]}}],"collection":[{"href":"https:\/\/blogdorogeriogomes.com.br\/noticias\/wp-json\/wp\/v2\/posts"}],"about":[{"href":"https:\/\/blogdorogeriogomes.com.br\/noticias\/wp-json\/wp\/v2\/types\/post"}],"author":[{"embeddable":true,"href":"https:\/\/blogdorogeriogomes.com.br\/noticias\/wp-json\/wp\/v2\/users\/1"}],"replies":[{"embeddable":true,"href":"https:\/\/blogdorogeriogomes.com.br\/noticias\/wp-json\/wp\/v2\/comments?post=20762"}],"version-history":[{"count":1,"href":"https:\/\/blogdorogeriogomes.com.br\/noticias\/wp-json\/wp\/v2\/posts\/20762\/revisions"}],"predecessor-version":[{"id":20764,"href":"https:\/\/blogdorogeriogomes.com.br\/noticias\/wp-json\/wp\/v2\/posts\/20762\/revisions\/20764"}],"wp:featuredmedia":[{"embeddable":true,"href":"https:\/\/blogdorogeriogomes.com.br\/noticias\/wp-json\/wp\/v2\/media\/20763"}],"wp:attachment":[{"href":"https:\/\/blogdorogeriogomes.com.br\/noticias\/wp-json\/wp\/v2\/media?parent=20762"}],"wp:term":[{"taxonomy":"category","embeddable":true,"href":"https:\/\/blogdorogeriogomes.com.br\/noticias\/wp-json\/wp\/v2\/categories?post=20762"},{"taxonomy":"post_tag","embeddable":true,"href":"https:\/\/blogdorogeriogomes.com.br\/noticias\/wp-json\/wp\/v2\/tags?post=20762"}],"curies":[{"name":"wp","href":"https:\/\/api.w.org\/{rel}","templated":true}]}}