{"id":20765,"date":"2021-04-09T19:45:40","date_gmt":"2021-04-09T19:45:40","guid":{"rendered":"https:\/\/blogdorogeriogomes.com.br\/?p=20765"},"modified":"2021-04-12T17:46:12","modified_gmt":"2021-04-12T17:46:12","slug":"cpi-da-covid-19-comeca-a-tramitar-na-proxima-semana-acuado-e-ameacado-bolsonaro-ataca-stf","status":"publish","type":"post","link":"https:\/\/blogdorogeriogomes.com.br\/noticias\/2021\/04\/cpi-da-covid-19-comeca-a-tramitar-na-proxima-semana-acuado-e-ameacado-bolsonaro-ataca-stf\/","title":{"rendered":"CPI da Covid-19 come\u00e7a a tramitar na pr\u00f3xima semana. Acuado e amea\u00e7ado, Bolsonaro ataca STF"},"content":{"rendered":"\n<p>Por decis\u00e3o judicial do ministro do Supremo Tribunal Federal (STF), Lu\u00eds Roberto Barroso, o presidente do Senado, Rodrigo Pacheco (DEM), vai iniciar na pr\u00f3xima semana os procedimentos para instala\u00e7\u00e3o da Comiss\u00e3o Parlamentar de Inqu\u00e9rito (CPI) para investigar a\u00e7\u00f5es do governo federal no combate \u00e0 pandemia de Covid-19. Segundo Pacheco, a CPI poder\u00e1 representar o &#8220;coroamento do insucesso nacional&#8221; no enfrentamento \u00e0 pandemia.<\/p>\n\n\n\n<p>A abertura do inqu\u00e9rito sobe ainda mais o clima de press\u00e3o sobre o presidente Jair Bolsonaro. Acuado e nitidamente amea\u00e7ado pela decis\u00e3o vinda do Supremo, o chefe executivo acusou o ministro Barroso de n\u00e3o ter &#8220;coragem moral&#8221; por determinar a abertura da medida.<\/p>\n\n\n\n<p>&#8220;L\u00e1 dentro do Senado tem processos de impeachment contra ministros do Supremo. Quero ver se o Barroso vai ter coragem moral para mandar instalar esses processos de impeachment tamb\u00e9m&#8221;, disse Bolsonaro. Fato \u00e9 que existem 107 pedidos de impeachment do presidente enviados ao presidente da C\u00e2mara dos Deputados, Arthur Lira (PP), sendo Bolsonaro o recordista em investidas por sua destitui\u00e7\u00e3o na hist\u00f3ria do Pa\u00eds.<\/p>\n\n\n\n<p>A CPI da Covid conta com assinaturas de 32 senadores e estava h\u00e1 dois meses aguardando pela instala\u00e7\u00e3o pelo presidente do Senado, eleito na Casa com apoio de Bolsonaro. Os senadores recorreram \u00e0 Justi\u00e7a para que houvesse interven\u00e7\u00e3o para o seguimento do inqu\u00e9rito, mesmo com oposi\u00e7\u00e3o de parlamentares mais pr\u00f3ximos do presidente.<\/p>\n\n\n\n<figure class=\"wp-block-image size-large\"><img loading=\"lazy\" decoding=\"async\" width=\"678\" height=\"452\" src=\"https:\/\/blogdorogeriogomes.com.br\/wp-content\/uploads\/2021\/04\/images-13.jpeg\" alt=\"\" class=\"wp-image-20766\" srcset=\"https:\/\/blogdorogeriogomes.com.br\/noticias\/wp-content\/uploads\/2021\/04\/images-13.jpeg 678w, https:\/\/blogdorogeriogomes.com.br\/noticias\/wp-content\/uploads\/2021\/04\/images-13-300x200.jpeg 300w\" sizes=\"auto, (max-width: 678px) 100vw, 678px\" \/><\/figure>\n","protected":false},"excerpt":{"rendered":"<p>Por decis\u00e3o judicial do ministro do Supremo Tribunal Federal (STF), Lu\u00eds Roberto Barroso, o presidente do Senado, Rodrigo Pacheco (DEM), vai iniciar na pr\u00f3xima semana os procedimentos para instala\u00e7\u00e3o da Comiss\u00e3o Parlamentar de Inqu\u00e9rito (CPI) para investigar a\u00e7\u00f5es do governo federal no combate \u00e0 pandemia de Covid-19. Segundo Pacheco, a CPI poder\u00e1 representar o &#8220;coroamento do insucesso nacional&#8221; no enfrentamento \u00e0 pandemia. A abertura do inqu\u00e9rito sobe ainda mais o clima de press\u00e3o sobre o presidente Jair Bolsonaro. Acuado&hellip;<\/p>\n","protected":false},"author":1,"featured_media":20766,"comment_status":"open","ping_status":"open","sticky":false,"template":"","format":"standard","meta":{"footnotes":""},"categories":[1],"tags":[],"class_list":["post-20765","post","type-post","status-publish","format-standard","has-post-thumbnail","hentry","category-noticias"],"_links":{"self":[{"href":"https:\/\/blogdorogeriogomes.com.br\/noticias\/wp-json\/wp\/v2\/posts\/20765","targetHints":{"allow":["GET"]}}],"collection":[{"href":"https:\/\/blogdorogeriogomes.com.br\/noticias\/wp-json\/wp\/v2\/posts"}],"about":[{"href":"https:\/\/blogdorogeriogomes.com.br\/noticias\/wp-json\/wp\/v2\/types\/post"}],"author":[{"embeddable":true,"href":"https:\/\/blogdorogeriogomes.com.br\/noticias\/wp-json\/wp\/v2\/users\/1"}],"replies":[{"embeddable":true,"href":"https:\/\/blogdorogeriogomes.com.br\/noticias\/wp-json\/wp\/v2\/comments?post=20765"}],"version-history":[{"count":1,"href":"https:\/\/blogdorogeriogomes.com.br\/noticias\/wp-json\/wp\/v2\/posts\/20765\/revisions"}],"predecessor-version":[{"id":20767,"href":"https:\/\/blogdorogeriogomes.com.br\/noticias\/wp-json\/wp\/v2\/posts\/20765\/revisions\/20767"}],"wp:featuredmedia":[{"embeddable":true,"href":"https:\/\/blogdorogeriogomes.com.br\/noticias\/wp-json\/wp\/v2\/media\/20766"}],"wp:attachment":[{"href":"https:\/\/blogdorogeriogomes.com.br\/noticias\/wp-json\/wp\/v2\/media?parent=20765"}],"wp:term":[{"taxonomy":"category","embeddable":true,"href":"https:\/\/blogdorogeriogomes.com.br\/noticias\/wp-json\/wp\/v2\/categories?post=20765"},{"taxonomy":"post_tag","embeddable":true,"href":"https:\/\/blogdorogeriogomes.com.br\/noticias\/wp-json\/wp\/v2\/tags?post=20765"}],"curies":[{"name":"wp","href":"https:\/\/api.w.org\/{rel}","templated":true}]}}