{"id":20768,"date":"2021-04-09T23:04:44","date_gmt":"2021-04-09T23:04:44","guid":{"rendered":"https:\/\/blogdorogeriogomes.com.br\/?p=20768"},"modified":"2021-04-12T17:45:55","modified_gmt":"2021-04-12T17:45:55","slug":"governo-estadual-lanca-credito-de-ate-r-5-mil-com-taxa-zero-em-2021-para-pequenos-empreendedores","status":"publish","type":"post","link":"https:\/\/blogdorogeriogomes.com.br\/noticias\/2021\/04\/governo-estadual-lanca-credito-de-ate-r-5-mil-com-taxa-zero-em-2021-para-pequenos-empreendedores\/","title":{"rendered":"Governo Estadual lan\u00e7a cr\u00e9dito de at\u00e9 R$ 5 mil com taxa zero em 2021 para pequenos empreendedores"},"content":{"rendered":"\n<p>O governador do Cear\u00e1, Camilo Santana (PT), anunciou nesta sexta-feira, dia 9 de abril, a libera\u00e7\u00e3o de R$ 100 milh\u00f5es para o Programa de Microcr\u00e9dito Produtivo Orientado (Cear\u00e1 Credi). O investimento para impulsionar os pequenos neg\u00f3cios tem a inten\u00e7\u00e3o de amenizar os impactos da pandemia do coronav\u00edrus. A taxa para 2021 vai ser zero e somente a partir de 2022 vai a 0,5% ao m\u00eas.<br>O programa vai priorizar pessoas em situa\u00e7\u00e3o de vulnerabilidade e benefici\u00e1rios de pol\u00edticas sociais. Dentre o p\u00fablico alvo est\u00e3o: Microempreendedores (formais e informais); trabalhadores aut\u00f4nomos; microempreendedores Individuais (MEI); agricultores familiares (neg\u00f3cios n\u00e3o agr\u00edcolas); e grupo produtivo solid\u00e1rio.<br>Para requerer o financiamento, \u00e9 preciso ter receita bruta anual do neg\u00f3cio at\u00e9 R$ 81 mil por benefici\u00e1rio. O benefici\u00e1rio tamb\u00e9m n\u00e3o pode ter renda superior a tr\u00eas sal\u00e1rios m\u00ednimos. O financiamento individual fica entre R$ 500 e R$ 5 mil. J\u00e1 o financiamento em grupo tem o limite m\u00e1ximo de R$ 21 mil. O cadastro e solicita\u00e7\u00e3o do cr\u00e9dito devem estar dispon\u00edveis a partir de maio.<\/p>\n\n\n\n<figure class=\"wp-block-image size-large\"><img loading=\"lazy\" decoding=\"async\" width=\"750\" height=\"409\" src=\"https:\/\/blogdorogeriogomes.com.br\/wp-content\/uploads\/2021\/04\/IMG-20210409-WA0136.jpg\" alt=\"\" class=\"wp-image-20769\" srcset=\"https:\/\/blogdorogeriogomes.com.br\/noticias\/wp-content\/uploads\/2021\/04\/IMG-20210409-WA0136.jpg 750w, https:\/\/blogdorogeriogomes.com.br\/noticias\/wp-content\/uploads\/2021\/04\/IMG-20210409-WA0136-300x164.jpg 300w\" sizes=\"auto, (max-width: 750px) 100vw, 750px\" \/><\/figure>\n","protected":false},"excerpt":{"rendered":"<p>O governador do Cear\u00e1, Camilo Santana (PT), anunciou nesta sexta-feira, dia 9 de abril, a libera\u00e7\u00e3o de R$ 100 milh\u00f5es para o Programa de Microcr\u00e9dito Produtivo Orientado (Cear\u00e1 Credi). O investimento para impulsionar os pequenos neg\u00f3cios tem a inten\u00e7\u00e3o de amenizar os impactos da pandemia do coronav\u00edrus. A taxa para 2021 vai ser zero e somente a partir de 2022 vai a 0,5% ao m\u00eas.O programa vai priorizar pessoas em situa\u00e7\u00e3o de vulnerabilidade e benefici\u00e1rios de pol\u00edticas sociais. Dentre&hellip;<\/p>\n","protected":false},"author":1,"featured_media":20769,"comment_status":"open","ping_status":"open","sticky":false,"template":"","format":"standard","meta":{"footnotes":""},"categories":[1],"tags":[],"class_list":["post-20768","post","type-post","status-publish","format-standard","has-post-thumbnail","hentry","category-noticias"],"_links":{"self":[{"href":"https:\/\/blogdorogeriogomes.com.br\/noticias\/wp-json\/wp\/v2\/posts\/20768","targetHints":{"allow":["GET"]}}],"collection":[{"href":"https:\/\/blogdorogeriogomes.com.br\/noticias\/wp-json\/wp\/v2\/posts"}],"about":[{"href":"https:\/\/blogdorogeriogomes.com.br\/noticias\/wp-json\/wp\/v2\/types\/post"}],"author":[{"embeddable":true,"href":"https:\/\/blogdorogeriogomes.com.br\/noticias\/wp-json\/wp\/v2\/users\/1"}],"replies":[{"embeddable":true,"href":"https:\/\/blogdorogeriogomes.com.br\/noticias\/wp-json\/wp\/v2\/comments?post=20768"}],"version-history":[{"count":1,"href":"https:\/\/blogdorogeriogomes.com.br\/noticias\/wp-json\/wp\/v2\/posts\/20768\/revisions"}],"predecessor-version":[{"id":20770,"href":"https:\/\/blogdorogeriogomes.com.br\/noticias\/wp-json\/wp\/v2\/posts\/20768\/revisions\/20770"}],"wp:featuredmedia":[{"embeddable":true,"href":"https:\/\/blogdorogeriogomes.com.br\/noticias\/wp-json\/wp\/v2\/media\/20769"}],"wp:attachment":[{"href":"https:\/\/blogdorogeriogomes.com.br\/noticias\/wp-json\/wp\/v2\/media?parent=20768"}],"wp:term":[{"taxonomy":"category","embeddable":true,"href":"https:\/\/blogdorogeriogomes.com.br\/noticias\/wp-json\/wp\/v2\/categories?post=20768"},{"taxonomy":"post_tag","embeddable":true,"href":"https:\/\/blogdorogeriogomes.com.br\/noticias\/wp-json\/wp\/v2\/tags?post=20768"}],"curies":[{"name":"wp","href":"https:\/\/api.w.org\/{rel}","templated":true}]}}