{"id":20771,"date":"2021-04-09T23:20:17","date_gmt":"2021-04-09T23:20:17","guid":{"rendered":"https:\/\/blogdorogeriogomes.com.br\/?p=20771"},"modified":"2021-04-12T17:45:47","modified_gmt":"2021-04-12T17:45:47","slug":"governadores-e-lideres-partidarios-saem-em-defesa-do-stf-apos-ataques-de-jair-bolsonaro","status":"publish","type":"post","link":"https:\/\/blogdorogeriogomes.com.br\/noticias\/2021\/04\/governadores-e-lideres-partidarios-saem-em-defesa-do-stf-apos-ataques-de-jair-bolsonaro\/","title":{"rendered":"Governadores e l\u00edderes partid\u00e1rios saem em defesa do STF ap\u00f3s ataques de Jair Bolsonaro"},"content":{"rendered":"\n<p>As cr\u00edticas do presidente Jair Bolsonaro ao STF ap\u00f3s a determina\u00e7\u00e3o do ministro Lu\u00eds Barroso para instalar a CPI da Covid-19 no Senado Federal resultaram em rela\u00e7\u00e3o de governadores e l\u00edderes partid\u00e1rios no Congresso Nacional. Todos sa\u00edram em defesa do Supremo Tribunal Federal como garantidor do que diz a Constitui\u00e7\u00e3o Federal. <\/p>\n\n\n\n<p>Na nota dos governadores do Nordeste, assinada por Wellington Dias (PI), Renan Filho (AL), Rui Costa (BA), Camilo Santana (CE), Fl\u00e1vio Dino (MA), Jo\u00e3o Azevedo (PB), Paulo C\u00e2mara (PE), F\u00e1tima Bezerra (RN) e Belivaldo Chagas (SE), os chefes dos executivos estaduais destacam o h\u00e1bito de Bolsonaro em criar &#8220;falsas guerras&#8221;.<\/p>\n\n\n\n<p>&#8220;\u00c9 absolutamente inaceit\u00e1vel ver o nosso pa\u00eds enfrentar uma crise t\u00e3o profunda, que tem provocado tantas perdas, em meio \u00e0 insana tentativa de criar falsas guerras, sem argumentos, apenas fal\u00e1cias e acusa\u00e7\u00f5es vazias, al\u00e9m de destemperadas.<\/p>\n\n\n\n<p>O pa\u00eds precisa de uma a\u00e7\u00e3o coordenada e solid\u00e1ria, n\u00e3o de omiss\u00f5es e desorienta\u00e7\u00f5es.<\/p>\n\n\n\n<p>O Brasil precisa dos cuidados, da ci\u00eancia, da orienta\u00e7\u00e3o correta, da vacina. Infelizmente, enquanto lutamos para imunizar as pessoas, n\u00e3o estamos imunes ao descontrole e \u00e0 ina\u00e7\u00e3o de quem lidera o governo federal, diariamente fomentando e acentuando novas crises, sem foco na principal: a pandemia&#8221;, diz a nota.<\/p>\n\n\n\n<p>Treze l\u00edderes partid\u00e1rios no Congresso Nacional tamb\u00e9m lan\u00e7aram uma nota, onde afirmam o interesse de Bolsonaro de tentar desviar o foco das omiss\u00f5es do Minist\u00e9rio da Sa\u00fade no combate \u00e0 Covid-19, que ser\u00e3o apuradas na CPI do Senado.<\/p>\n\n\n\n<p>&#8220;Bolsonaro est\u00e1 alimentando uma nova crise institucional com o STF para tentar desviar o foco da CPI da Covid e das investiga\u00e7\u00e3o pelo Congresso Nacional dos crimes que ele comete na pandemia. O ataque do presidente ao ministro Barroso, que apenas determinou o cumprimento \u00e9 sinal de desespero e confiss\u00e3o de culpa&#8221;, ressaltaram os parlamentares.<\/p>\n\n\n\n<figure class=\"wp-block-image size-large\"><img loading=\"lazy\" decoding=\"async\" width=\"699\" height=\"438\" src=\"https:\/\/blogdorogeriogomes.com.br\/wp-content\/uploads\/2021\/04\/images-14.jpeg\" alt=\"\" class=\"wp-image-20772\" srcset=\"https:\/\/blogdorogeriogomes.com.br\/noticias\/wp-content\/uploads\/2021\/04\/images-14.jpeg 699w, https:\/\/blogdorogeriogomes.com.br\/noticias\/wp-content\/uploads\/2021\/04\/images-14-300x188.jpeg 300w, https:\/\/blogdorogeriogomes.com.br\/noticias\/wp-content\/uploads\/2021\/04\/images-14-320x202.jpeg 320w\" sizes=\"auto, (max-width: 699px) 100vw, 699px\" \/><\/figure>\n","protected":false},"excerpt":{"rendered":"<p>As cr\u00edticas do presidente Jair Bolsonaro ao STF ap\u00f3s a determina\u00e7\u00e3o do ministro Lu\u00eds Barroso para instalar a CPI da Covid-19 no Senado Federal resultaram em rela\u00e7\u00e3o de governadores e l\u00edderes partid\u00e1rios no Congresso Nacional. Todos sa\u00edram em defesa do Supremo Tribunal Federal como garantidor do que diz a Constitui\u00e7\u00e3o Federal. Na nota dos governadores do Nordeste, assinada por Wellington Dias (PI), Renan Filho (AL), Rui Costa (BA), Camilo Santana (CE), Fl\u00e1vio Dino (MA), Jo\u00e3o Azevedo (PB), Paulo C\u00e2mara&hellip;<\/p>\n","protected":false},"author":1,"featured_media":20772,"comment_status":"open","ping_status":"open","sticky":false,"template":"","format":"standard","meta":{"footnotes":""},"categories":[1],"tags":[],"class_list":["post-20771","post","type-post","status-publish","format-standard","has-post-thumbnail","hentry","category-noticias"],"_links":{"self":[{"href":"https:\/\/blogdorogeriogomes.com.br\/noticias\/wp-json\/wp\/v2\/posts\/20771","targetHints":{"allow":["GET"]}}],"collection":[{"href":"https:\/\/blogdorogeriogomes.com.br\/noticias\/wp-json\/wp\/v2\/posts"}],"about":[{"href":"https:\/\/blogdorogeriogomes.com.br\/noticias\/wp-json\/wp\/v2\/types\/post"}],"author":[{"embeddable":true,"href":"https:\/\/blogdorogeriogomes.com.br\/noticias\/wp-json\/wp\/v2\/users\/1"}],"replies":[{"embeddable":true,"href":"https:\/\/blogdorogeriogomes.com.br\/noticias\/wp-json\/wp\/v2\/comments?post=20771"}],"version-history":[{"count":1,"href":"https:\/\/blogdorogeriogomes.com.br\/noticias\/wp-json\/wp\/v2\/posts\/20771\/revisions"}],"predecessor-version":[{"id":20773,"href":"https:\/\/blogdorogeriogomes.com.br\/noticias\/wp-json\/wp\/v2\/posts\/20771\/revisions\/20773"}],"wp:featuredmedia":[{"embeddable":true,"href":"https:\/\/blogdorogeriogomes.com.br\/noticias\/wp-json\/wp\/v2\/media\/20772"}],"wp:attachment":[{"href":"https:\/\/blogdorogeriogomes.com.br\/noticias\/wp-json\/wp\/v2\/media?parent=20771"}],"wp:term":[{"taxonomy":"category","embeddable":true,"href":"https:\/\/blogdorogeriogomes.com.br\/noticias\/wp-json\/wp\/v2\/categories?post=20771"},{"taxonomy":"post_tag","embeddable":true,"href":"https:\/\/blogdorogeriogomes.com.br\/noticias\/wp-json\/wp\/v2\/tags?post=20771"}],"curies":[{"name":"wp","href":"https:\/\/api.w.org\/{rel}","templated":true}]}}