{"id":20775,"date":"2021-04-10T10:14:44","date_gmt":"2021-04-10T10:14:44","guid":{"rendered":"https:\/\/blogdorogeriogomes.com.br\/?p=20775"},"modified":"2021-04-12T17:45:37","modified_gmt":"2021-04-12T17:45:37","slug":"cerca-de-1-500-profissionais-de-seguranca-comecam-a-ser-vacinados-em-fortaleza-neste-domingo","status":"publish","type":"post","link":"https:\/\/blogdorogeriogomes.com.br\/noticias\/2021\/04\/cerca-de-1-500-profissionais-de-seguranca-comecam-a-ser-vacinados-em-fortaleza-neste-domingo\/","title":{"rendered":"Cerca de 1.500 profissionais de seguran\u00e7a come\u00e7am a ser vacinados em Fortaleza neste domingo"},"content":{"rendered":"\n<p>A Prefeitura de Fortaleza inicia, neste domingo, dia 11 de abril, a vacina\u00e7\u00e3o de profissionais de seguran\u00e7a, salvamento e das For\u00e7as Armadas. A categoria foi inserida no grupo priorit\u00e1rio do Plano Nacional de Vacina\u00e7\u00e3o, ap\u00f3s autoriza\u00e7\u00e3o do Minist\u00e9rio da Sa\u00fade. Cerca de 1.500 profissionais de seguran\u00e7a ser\u00e3o imunizados no Centro de Eventos do Cear\u00e1.<\/p>\n\n\n\n<p>A vacina\u00e7\u00e3o se d\u00e1 por agendamento e a listagem \u00e9 disponibilizada no site da Prefeitura &#8211; fortaleza.ce.gov.br. Al\u00e9m de Fortaleza, as cidades de Sobral, Carir\u00e9, Icapu\u00ed, Juazeiro do Norte e Monsenhor Tabosa est\u00e3o priorizando a vacina\u00e7\u00e3o de profissionais de seguran\u00e7a.<\/p>\n\n\n\n<figure class=\"wp-block-image size-large\"><img loading=\"lazy\" decoding=\"async\" width=\"739\" height=\"415\" src=\"https:\/\/blogdorogeriogomes.com.br\/wp-content\/uploads\/2021\/04\/images-15.jpeg\" alt=\"\" class=\"wp-image-20776\" srcset=\"https:\/\/blogdorogeriogomes.com.br\/noticias\/wp-content\/uploads\/2021\/04\/images-15.jpeg 739w, https:\/\/blogdorogeriogomes.com.br\/noticias\/wp-content\/uploads\/2021\/04\/images-15-300x168.jpeg 300w\" sizes=\"auto, (max-width: 739px) 100vw, 739px\" \/><\/figure>\n","protected":false},"excerpt":{"rendered":"<p>A Prefeitura de Fortaleza inicia, neste domingo, dia 11 de abril, a vacina\u00e7\u00e3o de profissionais de seguran\u00e7a, salvamento e das For\u00e7as Armadas. A categoria foi inserida no grupo priorit\u00e1rio do Plano Nacional de Vacina\u00e7\u00e3o, ap\u00f3s autoriza\u00e7\u00e3o do Minist\u00e9rio da Sa\u00fade. Cerca de 1.500 profissionais de seguran\u00e7a ser\u00e3o imunizados no Centro de Eventos do Cear\u00e1. A vacina\u00e7\u00e3o se d\u00e1 por agendamento e a listagem \u00e9 disponibilizada no site da Prefeitura &#8211; fortaleza.ce.gov.br. Al\u00e9m de Fortaleza, as cidades de Sobral, Carir\u00e9,&hellip;<\/p>\n","protected":false},"author":1,"featured_media":20776,"comment_status":"open","ping_status":"open","sticky":false,"template":"","format":"standard","meta":{"footnotes":""},"categories":[1],"tags":[],"class_list":["post-20775","post","type-post","status-publish","format-standard","has-post-thumbnail","hentry","category-noticias"],"_links":{"self":[{"href":"https:\/\/blogdorogeriogomes.com.br\/noticias\/wp-json\/wp\/v2\/posts\/20775","targetHints":{"allow":["GET"]}}],"collection":[{"href":"https:\/\/blogdorogeriogomes.com.br\/noticias\/wp-json\/wp\/v2\/posts"}],"about":[{"href":"https:\/\/blogdorogeriogomes.com.br\/noticias\/wp-json\/wp\/v2\/types\/post"}],"author":[{"embeddable":true,"href":"https:\/\/blogdorogeriogomes.com.br\/noticias\/wp-json\/wp\/v2\/users\/1"}],"replies":[{"embeddable":true,"href":"https:\/\/blogdorogeriogomes.com.br\/noticias\/wp-json\/wp\/v2\/comments?post=20775"}],"version-history":[{"count":1,"href":"https:\/\/blogdorogeriogomes.com.br\/noticias\/wp-json\/wp\/v2\/posts\/20775\/revisions"}],"predecessor-version":[{"id":20777,"href":"https:\/\/blogdorogeriogomes.com.br\/noticias\/wp-json\/wp\/v2\/posts\/20775\/revisions\/20777"}],"wp:featuredmedia":[{"embeddable":true,"href":"https:\/\/blogdorogeriogomes.com.br\/noticias\/wp-json\/wp\/v2\/media\/20776"}],"wp:attachment":[{"href":"https:\/\/blogdorogeriogomes.com.br\/noticias\/wp-json\/wp\/v2\/media?parent=20775"}],"wp:term":[{"taxonomy":"category","embeddable":true,"href":"https:\/\/blogdorogeriogomes.com.br\/noticias\/wp-json\/wp\/v2\/categories?post=20775"},{"taxonomy":"post_tag","embeddable":true,"href":"https:\/\/blogdorogeriogomes.com.br\/noticias\/wp-json\/wp\/v2\/tags?post=20775"}],"curies":[{"name":"wp","href":"https:\/\/api.w.org\/{rel}","templated":true}]}}