{"id":20778,"date":"2021-04-10T11:04:41","date_gmt":"2021-04-10T11:04:41","guid":{"rendered":"https:\/\/blogdorogeriogomes.com.br\/?p=20778"},"modified":"2021-04-12T17:45:26","modified_gmt":"2021-04-12T17:45:26","slug":"media-de-casos-de-covid-19-cai-no-ceara-mas-as-mortes-pela-pandemia-continuam-em-alta","status":"publish","type":"post","link":"https:\/\/blogdorogeriogomes.com.br\/noticias\/2021\/04\/media-de-casos-de-covid-19-cai-no-ceara-mas-as-mortes-pela-pandemia-continuam-em-alta\/","title":{"rendered":"M\u00e9dia de casos de Covid-19 cai no Cear\u00e1, mas as mortes pela pandemia continuam em alta"},"content":{"rendered":"\n<p>O isolamento r\u00edgido imposto pelo Governo do Estado proporcionou que a m\u00e9dia m\u00f3vel de casos da Covid-19 ca\u00edsse no Cear\u00e1. De acordo com a Secretaria de Sa\u00fade de Fortaleza, s\u00f3 na Capital, a m\u00e9dia m\u00f3vel de casos confirmados da doen\u00e7a, estimada hoje em 250, \u00e9 72% inferior a de duas semanas atr\u00e1s, que alcan\u00e7ou 879 casos. Segundo o Sindicato das Farm\u00e1cias, tr\u00eas em cada 10 testes r\u00e1pidos para o coronav\u00edrus realizados na Capital d\u00e3o positivos.<\/p>\n\n\n\n<p>No entanto, a m\u00e9dia de mortes ainda \u00e9 alta. J\u00e1 foram confirmados 6.808 \u00f3bitos por Covid-19 na Capital.&nbsp;A Secretaria da Sa\u00fade do Cear\u00e1 mostra 15.412 mortes por Covid-19, sendo 346 delas registradas na \u00faltima atualiza\u00e7\u00e3o da plataforma IntegraSUS. Foi o maior n\u00famero desde o in\u00edcio da pandemia registrado de um dia para o outro.<\/p>\n\n\n\n<figure class=\"wp-block-image size-large\"><img loading=\"lazy\" decoding=\"async\" width=\"678\" height=\"452\" src=\"https:\/\/blogdorogeriogomes.com.br\/wp-content\/uploads\/2021\/04\/images-16.jpeg\" alt=\"\" class=\"wp-image-20779\" srcset=\"https:\/\/blogdorogeriogomes.com.br\/noticias\/wp-content\/uploads\/2021\/04\/images-16.jpeg 678w, https:\/\/blogdorogeriogomes.com.br\/noticias\/wp-content\/uploads\/2021\/04\/images-16-300x200.jpeg 300w\" sizes=\"auto, (max-width: 678px) 100vw, 678px\" \/><\/figure>\n","protected":false},"excerpt":{"rendered":"<p>O isolamento r\u00edgido imposto pelo Governo do Estado proporcionou que a m\u00e9dia m\u00f3vel de casos da Covid-19 ca\u00edsse no Cear\u00e1. De acordo com a Secretaria de Sa\u00fade de Fortaleza, s\u00f3 na Capital, a m\u00e9dia m\u00f3vel de casos confirmados da doen\u00e7a, estimada hoje em 250, \u00e9 72% inferior a de duas semanas atr\u00e1s, que alcan\u00e7ou 879 casos. Segundo o Sindicato das Farm\u00e1cias, tr\u00eas em cada 10 testes r\u00e1pidos para o coronav\u00edrus realizados na Capital d\u00e3o positivos. No entanto, a m\u00e9dia&hellip;<\/p>\n","protected":false},"author":1,"featured_media":20779,"comment_status":"open","ping_status":"open","sticky":false,"template":"","format":"standard","meta":{"footnotes":""},"categories":[1],"tags":[],"class_list":["post-20778","post","type-post","status-publish","format-standard","has-post-thumbnail","hentry","category-noticias"],"_links":{"self":[{"href":"https:\/\/blogdorogeriogomes.com.br\/noticias\/wp-json\/wp\/v2\/posts\/20778","targetHints":{"allow":["GET"]}}],"collection":[{"href":"https:\/\/blogdorogeriogomes.com.br\/noticias\/wp-json\/wp\/v2\/posts"}],"about":[{"href":"https:\/\/blogdorogeriogomes.com.br\/noticias\/wp-json\/wp\/v2\/types\/post"}],"author":[{"embeddable":true,"href":"https:\/\/blogdorogeriogomes.com.br\/noticias\/wp-json\/wp\/v2\/users\/1"}],"replies":[{"embeddable":true,"href":"https:\/\/blogdorogeriogomes.com.br\/noticias\/wp-json\/wp\/v2\/comments?post=20778"}],"version-history":[{"count":2,"href":"https:\/\/blogdorogeriogomes.com.br\/noticias\/wp-json\/wp\/v2\/posts\/20778\/revisions"}],"predecessor-version":[{"id":20793,"href":"https:\/\/blogdorogeriogomes.com.br\/noticias\/wp-json\/wp\/v2\/posts\/20778\/revisions\/20793"}],"wp:featuredmedia":[{"embeddable":true,"href":"https:\/\/blogdorogeriogomes.com.br\/noticias\/wp-json\/wp\/v2\/media\/20779"}],"wp:attachment":[{"href":"https:\/\/blogdorogeriogomes.com.br\/noticias\/wp-json\/wp\/v2\/media?parent=20778"}],"wp:term":[{"taxonomy":"category","embeddable":true,"href":"https:\/\/blogdorogeriogomes.com.br\/noticias\/wp-json\/wp\/v2\/categories?post=20778"},{"taxonomy":"post_tag","embeddable":true,"href":"https:\/\/blogdorogeriogomes.com.br\/noticias\/wp-json\/wp\/v2\/tags?post=20778"}],"curies":[{"name":"wp","href":"https:\/\/api.w.org\/{rel}","templated":true}]}}