{"id":20781,"date":"2021-04-10T15:52:37","date_gmt":"2021-04-10T15:52:37","guid":{"rendered":"https:\/\/blogdorogeriogomes.com.br\/?p=20781"},"modified":"2021-04-12T17:45:19","modified_gmt":"2021-04-12T17:45:19","slug":"camilo-relaxa-medidas-restritivas-comercio-e-restaurantes-voltam-a-funcionar-no-meio-de-semana-mas-isolamento-rigido-permanece-no-sabado-e-domingo","status":"publish","type":"post","link":"https:\/\/blogdorogeriogomes.com.br\/noticias\/2021\/04\/camilo-relaxa-medidas-restritivas-comercio-e-restaurantes-voltam-a-funcionar-no-meio-de-semana-mas-isolamento-rigido-permanece-no-sabado-e-domingo\/","title":{"rendered":"Camilo relaxa medidas restritivas. Com\u00e9rcio e restaurantes voltam a funcionar no meio de semana, mas isolamento r\u00edgido permanece no s\u00e1bado e domingo"},"content":{"rendered":"\n<p>Diante da redu\u00e7\u00e3o de casos da Covid-19 no Cear\u00e1, o governador Camilo Santana anunciou, no in\u00edcio da tarde deste s\u00e1bado, dia 10 de abril, o relaxamento de algumas medidas restritivas no Estado. O com\u00e9rcio e os restaurantes v\u00e3o ter o funcionamento autorizado de segunda a sexta-feira, respeitando o limite de 25% da capacidades e medidas sanit\u00e1rias. No s\u00e1bado e domingo, o isolamento r\u00edgido ser\u00e1 mantido em todos os munic\u00edpios do Cear\u00e1, sendo permitidos apenas os servi\u00e7os essenciais.<\/p>\n\n\n\n<p>Escolas ter\u00e3o a amplia\u00e7\u00e3o do funcionamento presencial para alunos de 4 e 5 anos, al\u00e9m do primeiro e segundo ano do ensino fundamental, com 35% da sua capacidade. Igrejas e templos religiosos v\u00e3o poder receber at\u00e9 10% da capacidade m\u00e1xima.<\/p>\n\n\n\n<p>O governador cearense alertou que os hor\u00e1rios de funcionamento dos servi\u00e7os ser\u00e3o diferenciados para evitar lota\u00e7\u00e3o no transporte p\u00fablico. Tamb\u00e9m est\u00e1 mantido o toque de recolher das 20 horas at\u00e9 \u00e0s 5 horas da manh\u00e3 do dia seguinte.<\/p>\n\n\n\n<p>Apesar da redu\u00e7\u00e3o no atendimento de novos casos do coronav\u00edrus na rede p\u00fablica, Camilo Santana e o Secret\u00e1rio de Sa\u00fade do Cear\u00e1, Dr. Cabeto, ressaltaram que a quantidade de mortes no Estado por Covid-19 ainda est\u00e1 num patamar elevado.<\/p>\n\n\n\n<figure class=\"wp-block-image size-large\"><img loading=\"lazy\" decoding=\"async\" width=\"678\" height=\"452\" src=\"https:\/\/blogdorogeriogomes.com.br\/wp-content\/uploads\/2021\/04\/images-17.jpeg\" alt=\"\" class=\"wp-image-20782\" srcset=\"https:\/\/blogdorogeriogomes.com.br\/noticias\/wp-content\/uploads\/2021\/04\/images-17.jpeg 678w, https:\/\/blogdorogeriogomes.com.br\/noticias\/wp-content\/uploads\/2021\/04\/images-17-300x200.jpeg 300w\" sizes=\"auto, (max-width: 678px) 100vw, 678px\" \/><\/figure>\n","protected":false},"excerpt":{"rendered":"<p>Diante da redu\u00e7\u00e3o de casos da Covid-19 no Cear\u00e1, o governador Camilo Santana anunciou, no in\u00edcio da tarde deste s\u00e1bado, dia 10 de abril, o relaxamento de algumas medidas restritivas no Estado. O com\u00e9rcio e os restaurantes v\u00e3o ter o funcionamento autorizado de segunda a sexta-feira, respeitando o limite de 25% da capacidades e medidas sanit\u00e1rias. No s\u00e1bado e domingo, o isolamento r\u00edgido ser\u00e1 mantido em todos os munic\u00edpios do Cear\u00e1, sendo permitidos apenas os servi\u00e7os essenciais. Escolas ter\u00e3o&hellip;<\/p>\n","protected":false},"author":1,"featured_media":20782,"comment_status":"open","ping_status":"open","sticky":false,"template":"","format":"standard","meta":{"footnotes":""},"categories":[1],"tags":[],"class_list":["post-20781","post","type-post","status-publish","format-standard","has-post-thumbnail","hentry","category-noticias"],"_links":{"self":[{"href":"https:\/\/blogdorogeriogomes.com.br\/noticias\/wp-json\/wp\/v2\/posts\/20781","targetHints":{"allow":["GET"]}}],"collection":[{"href":"https:\/\/blogdorogeriogomes.com.br\/noticias\/wp-json\/wp\/v2\/posts"}],"about":[{"href":"https:\/\/blogdorogeriogomes.com.br\/noticias\/wp-json\/wp\/v2\/types\/post"}],"author":[{"embeddable":true,"href":"https:\/\/blogdorogeriogomes.com.br\/noticias\/wp-json\/wp\/v2\/users\/1"}],"replies":[{"embeddable":true,"href":"https:\/\/blogdorogeriogomes.com.br\/noticias\/wp-json\/wp\/v2\/comments?post=20781"}],"version-history":[{"count":1,"href":"https:\/\/blogdorogeriogomes.com.br\/noticias\/wp-json\/wp\/v2\/posts\/20781\/revisions"}],"predecessor-version":[{"id":20783,"href":"https:\/\/blogdorogeriogomes.com.br\/noticias\/wp-json\/wp\/v2\/posts\/20781\/revisions\/20783"}],"wp:featuredmedia":[{"embeddable":true,"href":"https:\/\/blogdorogeriogomes.com.br\/noticias\/wp-json\/wp\/v2\/media\/20782"}],"wp:attachment":[{"href":"https:\/\/blogdorogeriogomes.com.br\/noticias\/wp-json\/wp\/v2\/media?parent=20781"}],"wp:term":[{"taxonomy":"category","embeddable":true,"href":"https:\/\/blogdorogeriogomes.com.br\/noticias\/wp-json\/wp\/v2\/categories?post=20781"},{"taxonomy":"post_tag","embeddable":true,"href":"https:\/\/blogdorogeriogomes.com.br\/noticias\/wp-json\/wp\/v2\/tags?post=20781"}],"curies":[{"name":"wp","href":"https:\/\/api.w.org\/{rel}","templated":true}]}}