{"id":20787,"date":"2021-04-12T10:55:32","date_gmt":"2021-04-12T10:55:32","guid":{"rendered":"https:\/\/blogdorogeriogomes.com.br\/?p=20787"},"modified":"2021-04-12T17:47:16","modified_gmt":"2021-04-12T17:47:16","slug":"comercio-de-fortaleza-e-interior-volta-a-funcionar-com-novos-horarios-nesta-segunda-feira","status":"publish","type":"post","link":"https:\/\/blogdorogeriogomes.com.br\/noticias\/2021\/04\/comercio-de-fortaleza-e-interior-volta-a-funcionar-com-novos-horarios-nesta-segunda-feira\/","title":{"rendered":"Com\u00e9rcio de Fortaleza e interior volta a funcionar com novos hor\u00e1rios nesta segunda-feira"},"content":{"rendered":"\n<p>Dentro do novo decreto de distanciamento social adotado pelo Governo do Cear\u00e1, o com\u00e9rcio em Fortaleza e em cidades do interior do Estado volta a funcionar, nesta segunda-feira, dia 12 de abril, com novos hor\u00e1rios. <\/p>\n\n\n\n<p>A Capital deve seguir com o hor\u00e1rio do com\u00e9rcio de rua das 10 \u00e0s 16 horas e dos shoppings das 12 \u00e0s 18 horas. O hor\u00e1rio do com\u00e9rcio \u00e9 diferenciado de outras categorias, a fim de diminuir a concentra\u00e7\u00e3o de pessoas nos terminais de \u00f4nibus e no transporte p\u00fablico durante o deslocamento de casa para o trabalho.<\/p>\n\n\n\n<p>Nos munic\u00edpios do interior do Cear\u00e1, os comerciantes poder\u00e3o estabelecer o hor\u00e1rio das 7 \u00e0s 13 horas, de acordo com a realidade de cada cidade.<\/p>\n\n\n\n<p>Al\u00e9m da reabertura gradual do com\u00e9rcio e servi\u00e7os, o decreto determina toque de recolher di\u00e1rio, das 20 horas \u00e0s 5 horas do dia seguinte. Nos fins de semana est\u00e1 mantido o isolamento r\u00edgido em todo o Estado.<\/p>\n\n\n\n<figure class=\"wp-block-image size-large\"><img loading=\"lazy\" decoding=\"async\" width=\"739\" height=\"415\" src=\"https:\/\/blogdorogeriogomes.com.br\/wp-content\/uploads\/2021\/04\/images-19.jpeg\" alt=\"\" class=\"wp-image-20788\" srcset=\"https:\/\/blogdorogeriogomes.com.br\/noticias\/wp-content\/uploads\/2021\/04\/images-19.jpeg 739w, https:\/\/blogdorogeriogomes.com.br\/noticias\/wp-content\/uploads\/2021\/04\/images-19-300x168.jpeg 300w\" sizes=\"auto, (max-width: 739px) 100vw, 739px\" \/><\/figure>\n","protected":false},"excerpt":{"rendered":"<p>Dentro do novo decreto de distanciamento social adotado pelo Governo do Cear\u00e1, o com\u00e9rcio em Fortaleza e em cidades do interior do Estado volta a funcionar, nesta segunda-feira, dia 12 de abril, com novos hor\u00e1rios. A Capital deve seguir com o hor\u00e1rio do com\u00e9rcio de rua das 10 \u00e0s 16 horas e dos shoppings das 12 \u00e0s 18 horas. O hor\u00e1rio do com\u00e9rcio \u00e9 diferenciado de outras categorias, a fim de diminuir a concentra\u00e7\u00e3o de pessoas nos terminais de&hellip;<\/p>\n","protected":false},"author":1,"featured_media":20788,"comment_status":"open","ping_status":"open","sticky":false,"template":"","format":"standard","meta":{"footnotes":""},"categories":[1],"tags":[],"class_list":["post-20787","post","type-post","status-publish","format-standard","has-post-thumbnail","hentry","category-noticias"],"_links":{"self":[{"href":"https:\/\/blogdorogeriogomes.com.br\/noticias\/wp-json\/wp\/v2\/posts\/20787","targetHints":{"allow":["GET"]}}],"collection":[{"href":"https:\/\/blogdorogeriogomes.com.br\/noticias\/wp-json\/wp\/v2\/posts"}],"about":[{"href":"https:\/\/blogdorogeriogomes.com.br\/noticias\/wp-json\/wp\/v2\/types\/post"}],"author":[{"embeddable":true,"href":"https:\/\/blogdorogeriogomes.com.br\/noticias\/wp-json\/wp\/v2\/users\/1"}],"replies":[{"embeddable":true,"href":"https:\/\/blogdorogeriogomes.com.br\/noticias\/wp-json\/wp\/v2\/comments?post=20787"}],"version-history":[{"count":1,"href":"https:\/\/blogdorogeriogomes.com.br\/noticias\/wp-json\/wp\/v2\/posts\/20787\/revisions"}],"predecessor-version":[{"id":20789,"href":"https:\/\/blogdorogeriogomes.com.br\/noticias\/wp-json\/wp\/v2\/posts\/20787\/revisions\/20789"}],"wp:featuredmedia":[{"embeddable":true,"href":"https:\/\/blogdorogeriogomes.com.br\/noticias\/wp-json\/wp\/v2\/media\/20788"}],"wp:attachment":[{"href":"https:\/\/blogdorogeriogomes.com.br\/noticias\/wp-json\/wp\/v2\/media?parent=20787"}],"wp:term":[{"taxonomy":"category","embeddable":true,"href":"https:\/\/blogdorogeriogomes.com.br\/noticias\/wp-json\/wp\/v2\/categories?post=20787"},{"taxonomy":"post_tag","embeddable":true,"href":"https:\/\/blogdorogeriogomes.com.br\/noticias\/wp-json\/wp\/v2\/tags?post=20787"}],"curies":[{"name":"wp","href":"https:\/\/api.w.org\/{rel}","templated":true}]}}