{"id":20796,"date":"2021-04-12T18:02:10","date_gmt":"2021-04-12T18:02:10","guid":{"rendered":"https:\/\/blogdorogeriogomes.com.br\/?p=20796"},"modified":"2021-04-14T13:50:15","modified_gmt":"2021-04-14T13:50:15","slug":"sarto-alerta-que-reabertura-pode-ser-interrompida-caso-alta-de-casos-da-covid-19-persista","status":"publish","type":"post","link":"https:\/\/blogdorogeriogomes.com.br\/noticias\/2021\/04\/sarto-alerta-que-reabertura-pode-ser-interrompida-caso-alta-de-casos-da-covid-19-persista\/","title":{"rendered":"Sarto alerta que reabertura pode ser interrompida caso alta de casos da Covid-19 persista"},"content":{"rendered":"\n<p>Apesar da reabertura econ\u00f4mica gradual em todo o Cear\u00e1 a partir desta segunda-feira, dia 12 de abril, o prefeito de Fortaleza, Jos\u00e9 Sarto (PDT), afirmou que a medida pode ser interrompida se os casos de Covid-19 apresentarem nova alta dentro dos pr\u00f3ximos dias. Sarto destacou ainda que a retomada das atividades ocorrem sempre junto ao retorno das entidades que monitoram a busca por atendimento, n\u00famero de leitos ocupados e indicadores do coronav\u00edrus na Capital.<\/p>\n\n\n\n<p>&#8220;Se essa press\u00e3o sobre o sistema de Sa\u00fade aumenta, certamente teremos que alterar os crit\u00e9rios de prioridade e retornar para as regras de isolamento social r\u00edgido implementadas anteriormente&#8221;, disse em entrevista \u00e0 R\u00e1dio O POVO\/CBN.<\/p>\n\n\n\n<p>O pedetista pontuou que as semanas de isolamento r\u00edgido foram importantes para que os n\u00fameros sofressem uma baixa. &#8220;N\u00e3o tanto como gostar\u00edamos, mas conseguimos reduzir um pouco o n\u00famero de casos, n\u00famero de interna\u00e7\u00f5es. Infelizmente, o fator principal, a dissemina\u00e7\u00e3o do v\u00edrus, ainda segue em alta&#8221;.<\/p>\n\n\n\n<p>Sarto definiu o processo de abertura como necess\u00e1rio devido a uma demanda social, como forma de &#8220;produzir e operar alguns setores da economia que est\u00e3o certamente estrangulados&#8221;. Contudo, a Prefeitura de Fortaleza destaca a import\u00e2ncia de manter todos os protocolos, respeitar o distanciamento social e os hor\u00e1rios estabelecidos para os atendimentos comerciais.<\/p>\n\n\n\n<figure class=\"wp-block-image size-large\"><img loading=\"lazy\" decoding=\"async\" width=\"1024\" height=\"682\" src=\"https:\/\/blogdorogeriogomes.com.br\/wp-content\/uploads\/2021\/03\/IMG-20210322-WA0112-1024x682.jpg\" alt=\"\" class=\"wp-image-20543\" srcset=\"https:\/\/blogdorogeriogomes.com.br\/noticias\/wp-content\/uploads\/2021\/03\/IMG-20210322-WA0112-1024x682.jpg 1024w, https:\/\/blogdorogeriogomes.com.br\/noticias\/wp-content\/uploads\/2021\/03\/IMG-20210322-WA0112-300x200.jpg 300w, https:\/\/blogdorogeriogomes.com.br\/noticias\/wp-content\/uploads\/2021\/03\/IMG-20210322-WA0112-768x512.jpg 768w, https:\/\/blogdorogeriogomes.com.br\/noticias\/wp-content\/uploads\/2021\/03\/IMG-20210322-WA0112-800x533.jpg 800w, https:\/\/blogdorogeriogomes.com.br\/noticias\/wp-content\/uploads\/2021\/03\/IMG-20210322-WA0112.jpg 1280w\" sizes=\"auto, (max-width: 1024px) 100vw, 1024px\" \/><\/figure>\n","protected":false},"excerpt":{"rendered":"<p>Apesar da reabertura econ\u00f4mica gradual em todo o Cear\u00e1 a partir desta segunda-feira, dia 12 de abril, o prefeito de Fortaleza, Jos\u00e9 Sarto (PDT), afirmou que a medida pode ser interrompida se os casos de Covid-19 apresentarem nova alta dentro dos pr\u00f3ximos dias. Sarto destacou ainda que a retomada das atividades ocorrem sempre junto ao retorno das entidades que monitoram a busca por atendimento, n\u00famero de leitos ocupados e indicadores do coronav\u00edrus na Capital. &#8220;Se essa press\u00e3o sobre o&hellip;<\/p>\n","protected":false},"author":1,"featured_media":20543,"comment_status":"open","ping_status":"open","sticky":false,"template":"","format":"standard","meta":{"footnotes":""},"categories":[1],"tags":[],"class_list":["post-20796","post","type-post","status-publish","format-standard","has-post-thumbnail","hentry","category-noticias"],"_links":{"self":[{"href":"https:\/\/blogdorogeriogomes.com.br\/noticias\/wp-json\/wp\/v2\/posts\/20796","targetHints":{"allow":["GET"]}}],"collection":[{"href":"https:\/\/blogdorogeriogomes.com.br\/noticias\/wp-json\/wp\/v2\/posts"}],"about":[{"href":"https:\/\/blogdorogeriogomes.com.br\/noticias\/wp-json\/wp\/v2\/types\/post"}],"author":[{"embeddable":true,"href":"https:\/\/blogdorogeriogomes.com.br\/noticias\/wp-json\/wp\/v2\/users\/1"}],"replies":[{"embeddable":true,"href":"https:\/\/blogdorogeriogomes.com.br\/noticias\/wp-json\/wp\/v2\/comments?post=20796"}],"version-history":[{"count":1,"href":"https:\/\/blogdorogeriogomes.com.br\/noticias\/wp-json\/wp\/v2\/posts\/20796\/revisions"}],"predecessor-version":[{"id":20797,"href":"https:\/\/blogdorogeriogomes.com.br\/noticias\/wp-json\/wp\/v2\/posts\/20796\/revisions\/20797"}],"wp:featuredmedia":[{"embeddable":true,"href":"https:\/\/blogdorogeriogomes.com.br\/noticias\/wp-json\/wp\/v2\/media\/20543"}],"wp:attachment":[{"href":"https:\/\/blogdorogeriogomes.com.br\/noticias\/wp-json\/wp\/v2\/media?parent=20796"}],"wp:term":[{"taxonomy":"category","embeddable":true,"href":"https:\/\/blogdorogeriogomes.com.br\/noticias\/wp-json\/wp\/v2\/categories?post=20796"},{"taxonomy":"post_tag","embeddable":true,"href":"https:\/\/blogdorogeriogomes.com.br\/noticias\/wp-json\/wp\/v2\/tags?post=20796"}],"curies":[{"name":"wp","href":"https:\/\/api.w.org\/{rel}","templated":true}]}}