{"id":20798,"date":"2021-04-12T22:59:10","date_gmt":"2021-04-12T22:59:10","guid":{"rendered":"https:\/\/blogdorogeriogomes.com.br\/?p=20798"},"modified":"2021-04-13T13:52:48","modified_gmt":"2021-04-13T13:52:48","slug":"vacinacao-contra-gripe-comecou-nesta-segunda-feira-no-ceara-para-criancas-a-partir-de-seis-meses","status":"publish","type":"post","link":"https:\/\/blogdorogeriogomes.com.br\/noticias\/2021\/04\/vacinacao-contra-gripe-comecou-nesta-segunda-feira-no-ceara-para-criancas-a-partir-de-seis-meses\/","title":{"rendered":"Vacina\u00e7\u00e3o contra gripe come\u00e7ou nesta segunda-feira no Cear\u00e1 para crian\u00e7as a partir de seis meses"},"content":{"rendered":"\n<p>A Campanha Nacional de Vacina\u00e7\u00e3o Contra a Gripe come\u00e7ou no Cear\u00e1 nesta segunda-feira, 12 de abril, e est\u00e1 sendo dividida em tr\u00eas etapas por grupos priorit\u00e1rios. At\u00e9 o dia 10 de maio, ocorre a primeira fase da campanha, a segunda fase inicia no dia 11 de maio e segue at\u00e9 8 de junho e a terceira e \u00faltima fase come\u00e7a no dia 9 de junho e segue at\u00e9 9 de julho.<br>No Cear\u00e1, a imuniza\u00e7\u00e3o ocorrer\u00e1 nos postos de sa\u00fade dos munic\u00edpios. Em Fortaleza, 116 postos de sa\u00fade estar\u00e3o abertos das 8 \u00e0s 17 horas e podem se dirigir para l\u00e1, nesta primeira fase, crian\u00e7as (6 meses at\u00e9 6 anos), gestantes, pu\u00e9rperas, povos ind\u00edgenas e trabalhadores de sa\u00fade. E tamb\u00e9m no Centro de Sa\u00fade Meireles, unidade da Secretaria que fica na Avenida Ant\u00f4nio Justa, 3113, no Bairro Meireles.<br>Para se vacinar, \u00e9 preciso levar documento oficial com foto ou cart\u00e3o de vacina\u00e7\u00e3o, no caso das crian\u00e7as. Pu\u00e9rperas (45 dias ap\u00f3s o parto) devem apresentar ainda documento que comprove o puerp\u00e9rio (certid\u00e3o de nascimento, cart\u00e3o da gestante ou documento do hospital onde ocorreu o parto).<br>Segundo o Minist\u00e9rio da Sa\u00fade, a vacina\u00e7\u00e3o contra a gripe pode reduzir as sobrecargas nos sistemas de sa\u00fade e contribuir com a preven\u00e7\u00e3o de poss\u00edveis novos surtos de doen\u00e7as respirat\u00f3rias pelo v\u00edrus da Influenza.<\/p>\n\n\n\n<figure class=\"wp-block-image size-large\"><img loading=\"lazy\" decoding=\"async\" width=\"1024\" height=\"602\" src=\"https:\/\/blogdorogeriogomes.com.br\/wp-content\/uploads\/2021\/04\/IMG-20210412-WA0119-1024x602.jpg\" alt=\"\" class=\"wp-image-20799\" srcset=\"https:\/\/blogdorogeriogomes.com.br\/noticias\/wp-content\/uploads\/2021\/04\/IMG-20210412-WA0119-1024x602.jpg 1024w, https:\/\/blogdorogeriogomes.com.br\/noticias\/wp-content\/uploads\/2021\/04\/IMG-20210412-WA0119-300x176.jpg 300w, https:\/\/blogdorogeriogomes.com.br\/noticias\/wp-content\/uploads\/2021\/04\/IMG-20210412-WA0119-768x451.jpg 768w, https:\/\/blogdorogeriogomes.com.br\/noticias\/wp-content\/uploads\/2021\/04\/IMG-20210412-WA0119-800x470.jpg 800w, https:\/\/blogdorogeriogomes.com.br\/noticias\/wp-content\/uploads\/2021\/04\/IMG-20210412-WA0119.jpg 1280w\" sizes=\"auto, (max-width: 1024px) 100vw, 1024px\" \/><\/figure>\n","protected":false},"excerpt":{"rendered":"<p>A Campanha Nacional de Vacina\u00e7\u00e3o Contra a Gripe come\u00e7ou no Cear\u00e1 nesta segunda-feira, 12 de abril, e est\u00e1 sendo dividida em tr\u00eas etapas por grupos priorit\u00e1rios. At\u00e9 o dia 10 de maio, ocorre a primeira fase da campanha, a segunda fase inicia no dia 11 de maio e segue at\u00e9 8 de junho e a terceira e \u00faltima fase come\u00e7a no dia 9 de junho e segue at\u00e9 9 de julho.No Cear\u00e1, a imuniza\u00e7\u00e3o ocorrer\u00e1 nos postos de sa\u00fade&hellip;<\/p>\n","protected":false},"author":1,"featured_media":20799,"comment_status":"open","ping_status":"open","sticky":false,"template":"","format":"standard","meta":{"footnotes":""},"categories":[1],"tags":[],"class_list":["post-20798","post","type-post","status-publish","format-standard","has-post-thumbnail","hentry","category-noticias"],"_links":{"self":[{"href":"https:\/\/blogdorogeriogomes.com.br\/noticias\/wp-json\/wp\/v2\/posts\/20798","targetHints":{"allow":["GET"]}}],"collection":[{"href":"https:\/\/blogdorogeriogomes.com.br\/noticias\/wp-json\/wp\/v2\/posts"}],"about":[{"href":"https:\/\/blogdorogeriogomes.com.br\/noticias\/wp-json\/wp\/v2\/types\/post"}],"author":[{"embeddable":true,"href":"https:\/\/blogdorogeriogomes.com.br\/noticias\/wp-json\/wp\/v2\/users\/1"}],"replies":[{"embeddable":true,"href":"https:\/\/blogdorogeriogomes.com.br\/noticias\/wp-json\/wp\/v2\/comments?post=20798"}],"version-history":[{"count":1,"href":"https:\/\/blogdorogeriogomes.com.br\/noticias\/wp-json\/wp\/v2\/posts\/20798\/revisions"}],"predecessor-version":[{"id":20800,"href":"https:\/\/blogdorogeriogomes.com.br\/noticias\/wp-json\/wp\/v2\/posts\/20798\/revisions\/20800"}],"wp:featuredmedia":[{"embeddable":true,"href":"https:\/\/blogdorogeriogomes.com.br\/noticias\/wp-json\/wp\/v2\/media\/20799"}],"wp:attachment":[{"href":"https:\/\/blogdorogeriogomes.com.br\/noticias\/wp-json\/wp\/v2\/media?parent=20798"}],"wp:term":[{"taxonomy":"category","embeddable":true,"href":"https:\/\/blogdorogeriogomes.com.br\/noticias\/wp-json\/wp\/v2\/categories?post=20798"},{"taxonomy":"post_tag","embeddable":true,"href":"https:\/\/blogdorogeriogomes.com.br\/noticias\/wp-json\/wp\/v2\/tags?post=20798"}],"curies":[{"name":"wp","href":"https:\/\/api.w.org\/{rel}","templated":true}]}}