{"id":20801,"date":"2021-04-13T09:32:39","date_gmt":"2021-04-13T09:32:39","guid":{"rendered":"https:\/\/blogdorogeriogomes.com.br\/?p=20801"},"modified":"2021-04-13T13:52:28","modified_gmt":"2021-04-13T13:52:28","slug":"fortaleza-completa-295-anos-e-servidores-municipais-tem-ponto-facultativo","status":"publish","type":"post","link":"https:\/\/blogdorogeriogomes.com.br\/noticias\/2021\/04\/fortaleza-completa-295-anos-e-servidores-municipais-tem-ponto-facultativo\/","title":{"rendered":"Fortaleza completa 295 anos e servidores municipais t\u00eam ponto facultativo"},"content":{"rendered":"\n<p>Nesta ter\u00e7a-feira, dia 13 de abril, Fortaleza completa 295 anos. A capital cearense comemora a data em meio a um cen\u00e1rio de pandemia da Covid-19, mas com muitos desafios para frente. Uma cidade com muito potencial tur\u00edstico e econ\u00f4mico, mas tamb\u00e9m com s\u00e9rios problemas de desigualdade social que precisam ser encarados de frente pelos gestores p\u00fablicos.<\/p>\n\n\n\n<p>O dia, que nasceu com muita chuva, promete ser de comemora\u00e7\u00f5es, mesmo que virtuais. O 13 de abril n\u00e3o \u00e9 considerado feriado municipal, mas a Prefeitura de Fortaleza decretou ponto facultativo para os servidores p\u00fablicos. A medida, no entanto, n\u00e3o afeta o funcionamento de servi\u00e7os essenciais, como assist\u00eancia da sa\u00fade de urg\u00eancia e emerg\u00eancia, socorros urgentes, limpeza p\u00fablica, seguran\u00e7a, fiscaliza\u00e7\u00e3o e orienta\u00e7\u00e3o de tr\u00e2nsito, vigil\u00e2ncia e salva vidas.<\/p>\n\n\n\n<p>Para comemorar a data, o Centro Cultural Belchior promove um show virtual com a participa\u00e7\u00e3o da cantora Lorena Nunes. A atra\u00e7\u00e3o vai ao ar no canal do equipamento no YouTube, a partir das 17 horas.<\/p>\n\n\n\n<figure class=\"wp-block-image size-large\"><img loading=\"lazy\" decoding=\"async\" width=\"640\" height=\"426\" src=\"https:\/\/blogdorogeriogomes.com.br\/wp-content\/uploads\/2021\/04\/images-222.jpeg\" alt=\"\" class=\"wp-image-20802\" srcset=\"https:\/\/blogdorogeriogomes.com.br\/noticias\/wp-content\/uploads\/2021\/04\/images-222.jpeg 640w, https:\/\/blogdorogeriogomes.com.br\/noticias\/wp-content\/uploads\/2021\/04\/images-222-300x200.jpeg 300w\" sizes=\"auto, (max-width: 640px) 100vw, 640px\" \/><\/figure>\n","protected":false},"excerpt":{"rendered":"<p>Nesta ter\u00e7a-feira, dia 13 de abril, Fortaleza completa 295 anos. A capital cearense comemora a data em meio a um cen\u00e1rio de pandemia da Covid-19, mas com muitos desafios para frente. Uma cidade com muito potencial tur\u00edstico e econ\u00f4mico, mas tamb\u00e9m com s\u00e9rios problemas de desigualdade social que precisam ser encarados de frente pelos gestores p\u00fablicos. O dia, que nasceu com muita chuva, promete ser de comemora\u00e7\u00f5es, mesmo que virtuais. O 13 de abril n\u00e3o \u00e9 considerado feriado municipal,&hellip;<\/p>\n","protected":false},"author":1,"featured_media":20802,"comment_status":"open","ping_status":"open","sticky":false,"template":"","format":"standard","meta":{"footnotes":""},"categories":[1],"tags":[],"class_list":["post-20801","post","type-post","status-publish","format-standard","has-post-thumbnail","hentry","category-noticias"],"_links":{"self":[{"href":"https:\/\/blogdorogeriogomes.com.br\/noticias\/wp-json\/wp\/v2\/posts\/20801","targetHints":{"allow":["GET"]}}],"collection":[{"href":"https:\/\/blogdorogeriogomes.com.br\/noticias\/wp-json\/wp\/v2\/posts"}],"about":[{"href":"https:\/\/blogdorogeriogomes.com.br\/noticias\/wp-json\/wp\/v2\/types\/post"}],"author":[{"embeddable":true,"href":"https:\/\/blogdorogeriogomes.com.br\/noticias\/wp-json\/wp\/v2\/users\/1"}],"replies":[{"embeddable":true,"href":"https:\/\/blogdorogeriogomes.com.br\/noticias\/wp-json\/wp\/v2\/comments?post=20801"}],"version-history":[{"count":1,"href":"https:\/\/blogdorogeriogomes.com.br\/noticias\/wp-json\/wp\/v2\/posts\/20801\/revisions"}],"predecessor-version":[{"id":20803,"href":"https:\/\/blogdorogeriogomes.com.br\/noticias\/wp-json\/wp\/v2\/posts\/20801\/revisions\/20803"}],"wp:featuredmedia":[{"embeddable":true,"href":"https:\/\/blogdorogeriogomes.com.br\/noticias\/wp-json\/wp\/v2\/media\/20802"}],"wp:attachment":[{"href":"https:\/\/blogdorogeriogomes.com.br\/noticias\/wp-json\/wp\/v2\/media?parent=20801"}],"wp:term":[{"taxonomy":"category","embeddable":true,"href":"https:\/\/blogdorogeriogomes.com.br\/noticias\/wp-json\/wp\/v2\/categories?post=20801"},{"taxonomy":"post_tag","embeddable":true,"href":"https:\/\/blogdorogeriogomes.com.br\/noticias\/wp-json\/wp\/v2\/tags?post=20801"}],"curies":[{"name":"wp","href":"https:\/\/api.w.org\/{rel}","templated":true}]}}