{"id":20811,"date":"2021-04-13T21:09:13","date_gmt":"2021-04-13T21:09:13","guid":{"rendered":"https:\/\/blogdorogeriogomes.com.br\/?p=20811"},"modified":"2021-04-14T13:48:19","modified_gmt":"2021-04-14T13:48:19","slug":"mp-investiga-denuncia-de-irregularidades-no-hospital-de-campanha-do-pv-prefeitura-diz-estar-aberta-a-prestar-esclarecimentos","status":"publish","type":"post","link":"https:\/\/blogdorogeriogomes.com.br\/noticias\/2021\/04\/mp-investiga-denuncia-de-irregularidades-no-hospital-de-campanha-do-pv-prefeitura-diz-estar-aberta-a-prestar-esclarecimentos\/","title":{"rendered":"MP investiga den\u00fancia de irregularidades no Hospital de Campanha do PV. Prefeitura diz estar aberta a prestar esclarecimentos"},"content":{"rendered":"\n<p>O Minist\u00e9rio P\u00fablico do Cear\u00e1 (MPCE) investiga supostas irregularidades na gest\u00e3o do Hospital de Campanha do Est\u00e1dio Presidente Vargas, que funcionou no ano passado em Fortaleza para o tratamento de pacientes da Covid-19. A unidade foi montada pela Prefeitura da Capital para dar suporte ao atendimento de pacientes na primeira onda do coronav\u00edrus. Nesta ter\u00e7a-feira, dia 13 de abril, foram cumpridos 10 mandados de busca e apreens\u00e3o, sendo seis em Fortaleza e quatro em S\u00e3o Paulo. Um dos mandados foi na Associa\u00e7\u00e3o Paulista para Desenvolvimento da Medicina, institui\u00e7\u00e3o que gerenciou o Hospital de Campanha do PV.<\/p>\n\n\n\n<p>Em nota, a Prefeitura Municipal de Fortaleza diz que \u201csegue \u00e0 disposi\u00e7\u00e3o para prestar esclarecimentos sobre os fatos investigados, inclusive tendo institu\u00eddo, ainda no ano passado,&nbsp;o Comit\u00ea de Controle Interno Transpar\u00eancia e Governan\u00e7a para o per\u00edodo de Calamidade P\u00fablica, que acompanha as a\u00e7\u00f5es durante a pandemia e fornece informa\u00e7\u00f5es para os \u00f3rg\u00e3os de controle externo\u201d.<\/p>\n\n\n\n<p>Na investiga\u00e7\u00e3o denominada \u201cCaldeir\u00e3o\u201d, que corre sob sigilo, houve quebra de sigilo de 37 pessoas f\u00edsicas e jur\u00eddicas e o afastamento de quatro servidores p\u00fablicos.<\/p>\n\n\n\n<p>O Hospital de Campanha do PV foi aberto em 18 de abril e desativado em 21 de setembro de 2020 quando, segundo a Prefeitura de Fortaleza, n\u00e3o havia mais nenhum paciente internado. Devido a queda nos n\u00fameros da Covid-19 no segundo semestre, o \u00faltimo paciente a receber alta no Hospital do PV foi em 14 de agosto. A unidade funcionou com 224 leitos e atendeu 1.239 pacientes com o coronav\u00edrus.<\/p>\n\n\n\n<figure class=\"wp-block-image size-large\"><img loading=\"lazy\" decoding=\"async\" width=\"739\" height=\"415\" src=\"https:\/\/blogdorogeriogomes.com.br\/wp-content\/uploads\/2021\/04\/images-26.jpeg\" alt=\"\" class=\"wp-image-20812\" srcset=\"https:\/\/blogdorogeriogomes.com.br\/noticias\/wp-content\/uploads\/2021\/04\/images-26.jpeg 739w, https:\/\/blogdorogeriogomes.com.br\/noticias\/wp-content\/uploads\/2021\/04\/images-26-300x168.jpeg 300w\" sizes=\"auto, (max-width: 739px) 100vw, 739px\" \/><\/figure>\n","protected":false},"excerpt":{"rendered":"<p>O Minist\u00e9rio P\u00fablico do Cear\u00e1 (MPCE) investiga supostas irregularidades na gest\u00e3o do Hospital de Campanha do Est\u00e1dio Presidente Vargas, que funcionou no ano passado em Fortaleza para o tratamento de pacientes da Covid-19. A unidade foi montada pela Prefeitura da Capital para dar suporte ao atendimento de pacientes na primeira onda do coronav\u00edrus. Nesta ter\u00e7a-feira, dia 13 de abril, foram cumpridos 10 mandados de busca e apreens\u00e3o, sendo seis em Fortaleza e quatro em S\u00e3o Paulo. Um dos mandados&hellip;<\/p>\n","protected":false},"author":1,"featured_media":20812,"comment_status":"open","ping_status":"open","sticky":false,"template":"","format":"standard","meta":{"footnotes":""},"categories":[1],"tags":[],"class_list":["post-20811","post","type-post","status-publish","format-standard","has-post-thumbnail","hentry","category-noticias"],"_links":{"self":[{"href":"https:\/\/blogdorogeriogomes.com.br\/noticias\/wp-json\/wp\/v2\/posts\/20811","targetHints":{"allow":["GET"]}}],"collection":[{"href":"https:\/\/blogdorogeriogomes.com.br\/noticias\/wp-json\/wp\/v2\/posts"}],"about":[{"href":"https:\/\/blogdorogeriogomes.com.br\/noticias\/wp-json\/wp\/v2\/types\/post"}],"author":[{"embeddable":true,"href":"https:\/\/blogdorogeriogomes.com.br\/noticias\/wp-json\/wp\/v2\/users\/1"}],"replies":[{"embeddable":true,"href":"https:\/\/blogdorogeriogomes.com.br\/noticias\/wp-json\/wp\/v2\/comments?post=20811"}],"version-history":[{"count":2,"href":"https:\/\/blogdorogeriogomes.com.br\/noticias\/wp-json\/wp\/v2\/posts\/20811\/revisions"}],"predecessor-version":[{"id":20824,"href":"https:\/\/blogdorogeriogomes.com.br\/noticias\/wp-json\/wp\/v2\/posts\/20811\/revisions\/20824"}],"wp:featuredmedia":[{"embeddable":true,"href":"https:\/\/blogdorogeriogomes.com.br\/noticias\/wp-json\/wp\/v2\/media\/20812"}],"wp:attachment":[{"href":"https:\/\/blogdorogeriogomes.com.br\/noticias\/wp-json\/wp\/v2\/media?parent=20811"}],"wp:term":[{"taxonomy":"category","embeddable":true,"href":"https:\/\/blogdorogeriogomes.com.br\/noticias\/wp-json\/wp\/v2\/categories?post=20811"},{"taxonomy":"post_tag","embeddable":true,"href":"https:\/\/blogdorogeriogomes.com.br\/noticias\/wp-json\/wp\/v2\/tags?post=20811"}],"curies":[{"name":"wp","href":"https:\/\/api.w.org\/{rel}","templated":true}]}}