{"id":20814,"date":"2021-04-13T23:05:41","date_gmt":"2021-04-13T23:05:41","guid":{"rendered":"https:\/\/blogdorogeriogomes.com.br\/?p=20814"},"modified":"2021-04-14T13:48:09","modified_gmt":"2021-04-14T13:48:09","slug":"senado-oficializa-cpi-da-covid-com-proposta-de-investigar-acoes-e-omissoes-do-governo-federal-alem-dos-recursos-da-uniao-para-estados-e-municipios","status":"publish","type":"post","link":"https:\/\/blogdorogeriogomes.com.br\/noticias\/2021\/04\/senado-oficializa-cpi-da-covid-com-proposta-de-investigar-acoes-e-omissoes-do-governo-federal-alem-dos-recursos-da-uniao-para-estados-e-municipios\/","title":{"rendered":"Senado oficializa CPI da Covid com proposta de investigar a\u00e7\u00f5es e omiss\u00f5es do Governo Federal, al\u00e9m dos recursos da Uni\u00e3o para estados e munic\u00edpios"},"content":{"rendered":"\n<p>Ap\u00f3s decis\u00e3o do ministro do Supremo Tribunal Federal (STF), Lu\u00eds Roberto Barroso, o Senado Federal abriu, nesta ter\u00e7a-feira, dia 13 de abril, a Comiss\u00e3o Parlamentar de Inqu\u00e9rito (CPI) que investigar\u00e1 a\u00e7\u00f5es e omiss\u00f5es do governo federal diante da pandemia da Covid-19. Tamb\u00e9m ser\u00e3o fiscalizados os recursos da Uni\u00e3o repassados a estados e munic\u00edpios. O ato de cria\u00e7\u00e3o da CPI foi lido em sess\u00e3o pelo senador Rodrigo Pacheco (DEM), presidente do Senado.<\/p>\n\n\n\n<p>O requerimento da comiss\u00e3o para investigar a conduta do governo de Jair Bolsonaro \u00e9 de autoria do senador Randolfe Rodrigues (Rede). Por\u00e9m, durante a leitura, Pacheco informou que a CPI tamb\u00e9m deve apurar eventuais irregularidades em estados e munic\u00edpios, atendendo assim \u00e0 proposta do senador Eduardo Gir\u00e3o (Podemos), desde que &#8220;limitado apenas quanto \u00e0 fiscaliza\u00e7\u00e3o dos recursos da Uni\u00e3o repassados aos demais entes federados&#8221;.<\/p>\n\n\n\n<p>De in\u00edcio, a investida de Gir\u00e3o era que governadores e prefeitos fossem investigados por a\u00e7\u00f5es e omiss\u00f5es na crise sanit\u00e1ria. Contudo, o regimento interno da Casa impede que senadores investiguem conduta dos executivos estaduais e municipais em uma comiss\u00e3o parlamentar.<\/p>\n\n\n\n<p>Dentro do prazo de at\u00e9 dez dias, os l\u00edderes partid\u00e1rios agora trabalham para indica\u00e7\u00e3o dos membros da CPI. At\u00e9 o momento, o PT designar\u00e1 os senadores Humberto Costa como titular e Rog\u00e9rio Carvalho como suplente, enquanto Cidadania, PDT, Rede e PSB indicaram os senadores Alessandro Vieira e Randolfe Rodrigues.<\/p>\n\n\n\n<p>Enquanto o rito de oficializa\u00e7\u00e3o da CPI n\u00e3o \u00e9 conclu\u00eddo, a base bolsonarista no Senado tenta obstruir o andamento da medida utilizando da estrat\u00e9gia de impedir que as atividades do inqu\u00e9rito ocorram de forma remota, com testemunhas somente por meio virtual. As defini\u00e7\u00f5es dos pr\u00f3ximos dias ditar\u00e3o a dimens\u00e3o e a profundidade que podem ter os resultados da ordem de Barroso.<\/p>\n\n\n\n<figure class=\"wp-block-image size-large\"><img loading=\"lazy\" decoding=\"async\" width=\"570\" height=\"379\" src=\"https:\/\/blogdorogeriogomes.com.br\/wp-content\/uploads\/2021\/04\/images-27.jpeg\" alt=\"\" class=\"wp-image-20815\" srcset=\"https:\/\/blogdorogeriogomes.com.br\/noticias\/wp-content\/uploads\/2021\/04\/images-27.jpeg 570w, https:\/\/blogdorogeriogomes.com.br\/noticias\/wp-content\/uploads\/2021\/04\/images-27-300x199.jpeg 300w\" sizes=\"auto, (max-width: 570px) 100vw, 570px\" \/><\/figure>\n","protected":false},"excerpt":{"rendered":"<p>Ap\u00f3s decis\u00e3o do ministro do Supremo Tribunal Federal (STF), Lu\u00eds Roberto Barroso, o Senado Federal abriu, nesta ter\u00e7a-feira, dia 13 de abril, a Comiss\u00e3o Parlamentar de Inqu\u00e9rito (CPI) que investigar\u00e1 a\u00e7\u00f5es e omiss\u00f5es do governo federal diante da pandemia da Covid-19. Tamb\u00e9m ser\u00e3o fiscalizados os recursos da Uni\u00e3o repassados a estados e munic\u00edpios. O ato de cria\u00e7\u00e3o da CPI foi lido em sess\u00e3o pelo senador Rodrigo Pacheco (DEM), presidente do Senado. O requerimento da comiss\u00e3o para investigar a conduta&hellip;<\/p>\n","protected":false},"author":1,"featured_media":20815,"comment_status":"open","ping_status":"open","sticky":false,"template":"","format":"standard","meta":{"footnotes":""},"categories":[1],"tags":[],"class_list":["post-20814","post","type-post","status-publish","format-standard","has-post-thumbnail","hentry","category-noticias"],"_links":{"self":[{"href":"https:\/\/blogdorogeriogomes.com.br\/noticias\/wp-json\/wp\/v2\/posts\/20814","targetHints":{"allow":["GET"]}}],"collection":[{"href":"https:\/\/blogdorogeriogomes.com.br\/noticias\/wp-json\/wp\/v2\/posts"}],"about":[{"href":"https:\/\/blogdorogeriogomes.com.br\/noticias\/wp-json\/wp\/v2\/types\/post"}],"author":[{"embeddable":true,"href":"https:\/\/blogdorogeriogomes.com.br\/noticias\/wp-json\/wp\/v2\/users\/1"}],"replies":[{"embeddable":true,"href":"https:\/\/blogdorogeriogomes.com.br\/noticias\/wp-json\/wp\/v2\/comments?post=20814"}],"version-history":[{"count":1,"href":"https:\/\/blogdorogeriogomes.com.br\/noticias\/wp-json\/wp\/v2\/posts\/20814\/revisions"}],"predecessor-version":[{"id":20816,"href":"https:\/\/blogdorogeriogomes.com.br\/noticias\/wp-json\/wp\/v2\/posts\/20814\/revisions\/20816"}],"wp:featuredmedia":[{"embeddable":true,"href":"https:\/\/blogdorogeriogomes.com.br\/noticias\/wp-json\/wp\/v2\/media\/20815"}],"wp:attachment":[{"href":"https:\/\/blogdorogeriogomes.com.br\/noticias\/wp-json\/wp\/v2\/media?parent=20814"}],"wp:term":[{"taxonomy":"category","embeddable":true,"href":"https:\/\/blogdorogeriogomes.com.br\/noticias\/wp-json\/wp\/v2\/categories?post=20814"},{"taxonomy":"post_tag","embeddable":true,"href":"https:\/\/blogdorogeriogomes.com.br\/noticias\/wp-json\/wp\/v2\/tags?post=20814"}],"curies":[{"name":"wp","href":"https:\/\/api.w.org\/{rel}","templated":true}]}}