{"id":20817,"date":"2021-04-13T23:27:48","date_gmt":"2021-04-13T23:27:48","guid":{"rendered":"https:\/\/blogdorogeriogomes.com.br\/?p=20817"},"modified":"2021-04-14T13:49:20","modified_gmt":"2021-04-14T13:49:20","slug":"fortaleza-iniciou-vacinacao-para-idosos-a-partir-de-61-anos-nesta-terca-feira","status":"publish","type":"post","link":"https:\/\/blogdorogeriogomes.com.br\/noticias\/2021\/04\/fortaleza-iniciou-vacinacao-para-idosos-a-partir-de-61-anos-nesta-terca-feira\/","title":{"rendered":"Fortaleza iniciou vacina\u00e7\u00e3o para idosos a partir de 61 anos nesta ter\u00e7a-feira"},"content":{"rendered":"\n<p>Fortaleza avan\u00e7ou na vacina\u00e7\u00e3o contra a Covid-19, nesta ter\u00e7a-feira, dia 13 de abril, passando a vacinar idosos a partir de 61 anos. Durante o dia, o processo aconteceu no Centro de Eventos, Arena Castel\u00e3o, Shoppings Riomar Fortaleza e Riomar Kennedy, por meio das modalidades drive-thru e pontos de acolhimento. A segunda fase da campanha est\u00e1 ocorrendo de forma gradual e escalonada, desde o dia 22 de mar\u00e7o.<br>Essas segundas doses em aplica\u00e7\u00e3o, atualmente, est\u00e3o atendendo aqueles vacinados com a CoronaVac, cujo intervalo entre a primeira dose e o refor\u00e7o deve ser de cerca de 28 dias. A Prefeitura continua organizando a vacina\u00e7\u00e3o por agendamento, a partir daqueles que j\u00e1 realizaram o cadastro na plataforma Sa\u00fade Digital (https:\/\/vacinacaocovid.saude.ce.gov.br), da Secretaria de Sa\u00fade do Estado (Sesa).<br>A Capital j\u00e1 vacinou 353.963 pessoas com a primeira dose da vacina, at\u00e9 o momento, e destas 120.548 j\u00e1 est\u00e3o asseguradas com o refor\u00e7o da segunda dose. No total, 474 mil doses dos imunobiol\u00f3gicos dispon\u00edveis j\u00e1 foram aplicados desde o in\u00edcio da campanha no Munic\u00edpio, no dia 18 de janeiro. A rela\u00e7\u00e3o dos agendados est\u00e1 publicada no site coronavirus.fortaleza.ce.gov.br. O idoso deve ficar atento tamb\u00e9m \u00e0s mensagens via e-mail e WhatsApp.<\/p>\n\n\n\n<figure class=\"wp-block-image size-large\"><img loading=\"lazy\" decoding=\"async\" width=\"678\" height=\"452\" src=\"https:\/\/blogdorogeriogomes.com.br\/wp-content\/uploads\/2021\/04\/IMG-20210413-WA0110.jpg\" alt=\"\" class=\"wp-image-20818\" srcset=\"https:\/\/blogdorogeriogomes.com.br\/noticias\/wp-content\/uploads\/2021\/04\/IMG-20210413-WA0110.jpg 678w, https:\/\/blogdorogeriogomes.com.br\/noticias\/wp-content\/uploads\/2021\/04\/IMG-20210413-WA0110-300x200.jpg 300w\" sizes=\"auto, (max-width: 678px) 100vw, 678px\" \/><\/figure>\n","protected":false},"excerpt":{"rendered":"<p>Fortaleza avan\u00e7ou na vacina\u00e7\u00e3o contra a Covid-19, nesta ter\u00e7a-feira, dia 13 de abril, passando a vacinar idosos a partir de 61 anos. Durante o dia, o processo aconteceu no Centro de Eventos, Arena Castel\u00e3o, Shoppings Riomar Fortaleza e Riomar Kennedy, por meio das modalidades drive-thru e pontos de acolhimento. A segunda fase da campanha est\u00e1 ocorrendo de forma gradual e escalonada, desde o dia 22 de mar\u00e7o.Essas segundas doses em aplica\u00e7\u00e3o, atualmente, est\u00e3o atendendo aqueles vacinados com a CoronaVac,&hellip;<\/p>\n","protected":false},"author":1,"featured_media":20818,"comment_status":"open","ping_status":"open","sticky":false,"template":"","format":"standard","meta":{"footnotes":""},"categories":[1],"tags":[],"class_list":["post-20817","post","type-post","status-publish","format-standard","has-post-thumbnail","hentry","category-noticias"],"_links":{"self":[{"href":"https:\/\/blogdorogeriogomes.com.br\/noticias\/wp-json\/wp\/v2\/posts\/20817","targetHints":{"allow":["GET"]}}],"collection":[{"href":"https:\/\/blogdorogeriogomes.com.br\/noticias\/wp-json\/wp\/v2\/posts"}],"about":[{"href":"https:\/\/blogdorogeriogomes.com.br\/noticias\/wp-json\/wp\/v2\/types\/post"}],"author":[{"embeddable":true,"href":"https:\/\/blogdorogeriogomes.com.br\/noticias\/wp-json\/wp\/v2\/users\/1"}],"replies":[{"embeddable":true,"href":"https:\/\/blogdorogeriogomes.com.br\/noticias\/wp-json\/wp\/v2\/comments?post=20817"}],"version-history":[{"count":1,"href":"https:\/\/blogdorogeriogomes.com.br\/noticias\/wp-json\/wp\/v2\/posts\/20817\/revisions"}],"predecessor-version":[{"id":20819,"href":"https:\/\/blogdorogeriogomes.com.br\/noticias\/wp-json\/wp\/v2\/posts\/20817\/revisions\/20819"}],"wp:featuredmedia":[{"embeddable":true,"href":"https:\/\/blogdorogeriogomes.com.br\/noticias\/wp-json\/wp\/v2\/media\/20818"}],"wp:attachment":[{"href":"https:\/\/blogdorogeriogomes.com.br\/noticias\/wp-json\/wp\/v2\/media?parent=20817"}],"wp:term":[{"taxonomy":"category","embeddable":true,"href":"https:\/\/blogdorogeriogomes.com.br\/noticias\/wp-json\/wp\/v2\/categories?post=20817"},{"taxonomy":"post_tag","embeddable":true,"href":"https:\/\/blogdorogeriogomes.com.br\/noticias\/wp-json\/wp\/v2\/tags?post=20817"}],"curies":[{"name":"wp","href":"https:\/\/api.w.org\/{rel}","templated":true}]}}