{"id":20821,"date":"2021-04-14T10:01:46","date_gmt":"2021-04-14T10:01:46","guid":{"rendered":"https:\/\/blogdorogeriogomes.com.br\/?p=20821"},"modified":"2021-04-14T13:47:39","modified_gmt":"2021-04-14T13:47:39","slug":"governo-do-estado-amplia-socorro-financeiro-para-setor-de-eventos-primeira-parcela-sera-paga-na-proxima-semana","status":"publish","type":"post","link":"https:\/\/blogdorogeriogomes.com.br\/noticias\/2021\/04\/governo-do-estado-amplia-socorro-financeiro-para-setor-de-eventos-primeira-parcela-sera-paga-na-proxima-semana\/","title":{"rendered":"Governo do Estado amplia socorro financeiro para setor de eventos. Primeira parcela ser\u00e1 paga na pr\u00f3xima semana"},"content":{"rendered":"\n<p>O Governo do Cear\u00e1 anunciou na noite desta ter\u00e7a-feira, dia 13 de abril, que o pagamento do aux\u00edlio financeiro para trabalhadores do setor de eventos ser\u00e1 iniciado na pr\u00f3xima semana, sob a coordena\u00e7\u00e3o da Secretaria de Cultura do Estado. O governador tamb\u00e9m confirmou o aumento no n\u00famero de trabalhadores do setor a serem contemplados. O setor de eventos \u00e9 um dos mais prejudicados financeiramente pela pandemia da Covid-19.<\/p>\n\n\n\n<p>O Governo Estadual ampliou para R$ 19,8 milh\u00f5es o aux\u00edlio financeiro aos profissionais do setor de eventos, contemplando todos os inscritos. A decis\u00e3o vai beneficiar 19.830 profissionais do setor de eventos, quase duplicando os recursos previstos anteriormente. <\/p>\n\n\n\n<p>O governador Camilo Santana tamb\u00e9m sancionou duas leis de medidas j\u00e1 anunciadas, e que foram aprovadas pela Assembleia Legislativa. A primeira \u00e9 a suspens\u00e3o do pagamento da taxa de regula\u00e7\u00e3o nos transportes complementares e regulares do Estado pelos pr\u00f3ximos dois meses, em abril e maio. A segunda \u00e9 a autoriza\u00e7\u00e3o para o pagamento do \u201cAux\u00edlio Cesta B\u00e1sica\u201d, no valor de R$ 200, dividido em duas parcelas de R$ 100, atrav\u00e9s de um cart\u00e3o que ser\u00e1 creditado esse valor, como forma de estimular as compras no com\u00e9rcio local.<\/p>\n\n\n\n<p>Em tempo: Camilo Santana ressaltou que esta semana, o Cear\u00e1 deve receber mais uma remessa de doses da vacina CoronaVac, produzida pelo Instituto Butantan.<\/p>\n\n\n\n<figure class=\"wp-block-image size-large\"><img loading=\"lazy\" decoding=\"async\" width=\"560\" height=\"420\" src=\"https:\/\/blogdorogeriogomes.com.br\/wp-content\/uploads\/2021\/04\/images-28.jpeg\" alt=\"\" class=\"wp-image-20822\" srcset=\"https:\/\/blogdorogeriogomes.com.br\/noticias\/wp-content\/uploads\/2021\/04\/images-28.jpeg 560w, https:\/\/blogdorogeriogomes.com.br\/noticias\/wp-content\/uploads\/2021\/04\/images-28-300x225.jpeg 300w, https:\/\/blogdorogeriogomes.com.br\/noticias\/wp-content\/uploads\/2021\/04\/images-28-400x300.jpeg 400w\" sizes=\"auto, (max-width: 560px) 100vw, 560px\" \/><\/figure>\n","protected":false},"excerpt":{"rendered":"<p>O Governo do Cear\u00e1 anunciou na noite desta ter\u00e7a-feira, dia 13 de abril, que o pagamento do aux\u00edlio financeiro para trabalhadores do setor de eventos ser\u00e1 iniciado na pr\u00f3xima semana, sob a coordena\u00e7\u00e3o da Secretaria de Cultura do Estado. O governador tamb\u00e9m confirmou o aumento no n\u00famero de trabalhadores do setor a serem contemplados. O setor de eventos \u00e9 um dos mais prejudicados financeiramente pela pandemia da Covid-19. O Governo Estadual ampliou para R$ 19,8 milh\u00f5es o aux\u00edlio financeiro&hellip;<\/p>\n","protected":false},"author":1,"featured_media":20822,"comment_status":"open","ping_status":"open","sticky":false,"template":"","format":"standard","meta":{"footnotes":""},"categories":[1],"tags":[],"class_list":["post-20821","post","type-post","status-publish","format-standard","has-post-thumbnail","hentry","category-noticias"],"_links":{"self":[{"href":"https:\/\/blogdorogeriogomes.com.br\/noticias\/wp-json\/wp\/v2\/posts\/20821","targetHints":{"allow":["GET"]}}],"collection":[{"href":"https:\/\/blogdorogeriogomes.com.br\/noticias\/wp-json\/wp\/v2\/posts"}],"about":[{"href":"https:\/\/blogdorogeriogomes.com.br\/noticias\/wp-json\/wp\/v2\/types\/post"}],"author":[{"embeddable":true,"href":"https:\/\/blogdorogeriogomes.com.br\/noticias\/wp-json\/wp\/v2\/users\/1"}],"replies":[{"embeddable":true,"href":"https:\/\/blogdorogeriogomes.com.br\/noticias\/wp-json\/wp\/v2\/comments?post=20821"}],"version-history":[{"count":1,"href":"https:\/\/blogdorogeriogomes.com.br\/noticias\/wp-json\/wp\/v2\/posts\/20821\/revisions"}],"predecessor-version":[{"id":20823,"href":"https:\/\/blogdorogeriogomes.com.br\/noticias\/wp-json\/wp\/v2\/posts\/20821\/revisions\/20823"}],"wp:featuredmedia":[{"embeddable":true,"href":"https:\/\/blogdorogeriogomes.com.br\/noticias\/wp-json\/wp\/v2\/media\/20822"}],"wp:attachment":[{"href":"https:\/\/blogdorogeriogomes.com.br\/noticias\/wp-json\/wp\/v2\/media?parent=20821"}],"wp:term":[{"taxonomy":"category","embeddable":true,"href":"https:\/\/blogdorogeriogomes.com.br\/noticias\/wp-json\/wp\/v2\/categories?post=20821"},{"taxonomy":"post_tag","embeddable":true,"href":"https:\/\/blogdorogeriogomes.com.br\/noticias\/wp-json\/wp\/v2\/tags?post=20821"}],"curies":[{"name":"wp","href":"https:\/\/api.w.org\/{rel}","templated":true}]}}