{"id":20828,"date":"2021-04-14T20:24:22","date_gmt":"2021-04-14T20:24:22","guid":{"rendered":"https:\/\/blogdorogeriogomes.com.br\/?p=20828"},"modified":"2021-04-15T18:47:34","modified_gmt":"2021-04-15T18:47:34","slug":"novo-lote-de-vacinas-contra-a-covid-19-chega-ao-ceara-ate-sexta-feira-e-deve-priorizar-idosos-a-partir-de-60-anos-e-trabalhadores-da-saude","status":"publish","type":"post","link":"https:\/\/blogdorogeriogomes.com.br\/noticias\/2021\/04\/novo-lote-de-vacinas-contra-a-covid-19-chega-ao-ceara-ate-sexta-feira-e-deve-priorizar-idosos-a-partir-de-60-anos-e-trabalhadores-da-saude\/","title":{"rendered":"Novo lote de vacinas contra a Covid-19 chega ao Cear\u00e1 at\u00e9 sexta-feira e deve priorizar idosos a partir de 60 anos e trabalhadores da sa\u00fade"},"content":{"rendered":"\n<p>A confirma\u00e7\u00e3o da chegada de mais um lote de vacinas contra a Covid-19, foi anunciada nesta quarta-feira, dia 14 de abril, pelo governador do Cear\u00e1, Camilo Santana. Ser\u00e3o 234.700 novas doses, sendo 141.500 da AstraZeneca e 93.200 da CoronaVac.<br>Segundo a Secretaria da Sa\u00fade do Estado, esse lote deve ser destinado ao p\u00fablico priorit\u00e1rio de trabalhadores da sa\u00fade, idosos com mais de 60 anos e trabalhadores da For\u00e7a de Seguran\u00e7a e Salvamento de For\u00e7as Armadas, que est\u00e3o na linha de frente no Estado.<br>A chegada desse novo lote de imunizantes, deve acontecer at\u00e9 a pr\u00f3xima sexta-feira, dia 16 de abril. <br>A chegada de novas doses acontece no momento em que as autoridades da sa\u00fade anunciam a aplica\u00e7\u00e3o da segunda dose da vacina AstraZeneca\/Oxford, que deve ser iniciada na pr\u00f3xima semana, em Fortaleza. O intervalo aconteceu de 90 dias, entre a primeira dose e a segunda.<br>Para quem se vacinou em janeiro deste ano, \u00e9 preciso estar atento para n\u00e3o perder o \u00faltimo refor\u00e7o do imunizante. A Prefeitura de Fortaleza vai informar dia, hor\u00e1rio e local da vacina\u00e7\u00e3o para quem recebeu a primeira dose.<\/p>\n\n\n\n<figure class=\"wp-block-image size-large\"><img loading=\"lazy\" decoding=\"async\" width=\"1024\" height=\"682\" src=\"https:\/\/blogdorogeriogomes.com.br\/wp-content\/uploads\/2021\/04\/IMG-20210408-WA0090-1024x682.jpg\" alt=\"\" class=\"wp-image-20829\" srcset=\"https:\/\/blogdorogeriogomes.com.br\/noticias\/wp-content\/uploads\/2021\/04\/IMG-20210408-WA0090-1024x682.jpg 1024w, https:\/\/blogdorogeriogomes.com.br\/noticias\/wp-content\/uploads\/2021\/04\/IMG-20210408-WA0090-300x200.jpg 300w, https:\/\/blogdorogeriogomes.com.br\/noticias\/wp-content\/uploads\/2021\/04\/IMG-20210408-WA0090-768x512.jpg 768w, https:\/\/blogdorogeriogomes.com.br\/noticias\/wp-content\/uploads\/2021\/04\/IMG-20210408-WA0090-800x533.jpg 800w, https:\/\/blogdorogeriogomes.com.br\/noticias\/wp-content\/uploads\/2021\/04\/IMG-20210408-WA0090.jpg 1280w\" sizes=\"auto, (max-width: 1024px) 100vw, 1024px\" \/><\/figure>\n\n\n\n<p><\/p>\n","protected":false},"excerpt":{"rendered":"<p>A confirma\u00e7\u00e3o da chegada de mais um lote de vacinas contra a Covid-19, foi anunciada nesta quarta-feira, dia 14 de abril, pelo governador do Cear\u00e1, Camilo Santana. Ser\u00e3o 234.700 novas doses, sendo 141.500 da AstraZeneca e 93.200 da CoronaVac.Segundo a Secretaria da Sa\u00fade do Estado, esse lote deve ser destinado ao p\u00fablico priorit\u00e1rio de trabalhadores da sa\u00fade, idosos com mais de 60 anos e trabalhadores da For\u00e7a de Seguran\u00e7a e Salvamento de For\u00e7as Armadas, que est\u00e3o na linha de&hellip;<\/p>\n","protected":false},"author":1,"featured_media":20829,"comment_status":"open","ping_status":"open","sticky":false,"template":"","format":"standard","meta":{"footnotes":""},"categories":[1],"tags":[],"class_list":["post-20828","post","type-post","status-publish","format-standard","has-post-thumbnail","hentry","category-noticias"],"_links":{"self":[{"href":"https:\/\/blogdorogeriogomes.com.br\/noticias\/wp-json\/wp\/v2\/posts\/20828","targetHints":{"allow":["GET"]}}],"collection":[{"href":"https:\/\/blogdorogeriogomes.com.br\/noticias\/wp-json\/wp\/v2\/posts"}],"about":[{"href":"https:\/\/blogdorogeriogomes.com.br\/noticias\/wp-json\/wp\/v2\/types\/post"}],"author":[{"embeddable":true,"href":"https:\/\/blogdorogeriogomes.com.br\/noticias\/wp-json\/wp\/v2\/users\/1"}],"replies":[{"embeddable":true,"href":"https:\/\/blogdorogeriogomes.com.br\/noticias\/wp-json\/wp\/v2\/comments?post=20828"}],"version-history":[{"count":1,"href":"https:\/\/blogdorogeriogomes.com.br\/noticias\/wp-json\/wp\/v2\/posts\/20828\/revisions"}],"predecessor-version":[{"id":20830,"href":"https:\/\/blogdorogeriogomes.com.br\/noticias\/wp-json\/wp\/v2\/posts\/20828\/revisions\/20830"}],"wp:featuredmedia":[{"embeddable":true,"href":"https:\/\/blogdorogeriogomes.com.br\/noticias\/wp-json\/wp\/v2\/media\/20829"}],"wp:attachment":[{"href":"https:\/\/blogdorogeriogomes.com.br\/noticias\/wp-json\/wp\/v2\/media?parent=20828"}],"wp:term":[{"taxonomy":"category","embeddable":true,"href":"https:\/\/blogdorogeriogomes.com.br\/noticias\/wp-json\/wp\/v2\/categories?post=20828"},{"taxonomy":"post_tag","embeddable":true,"href":"https:\/\/blogdorogeriogomes.com.br\/noticias\/wp-json\/wp\/v2\/tags?post=20828"}],"curies":[{"name":"wp","href":"https:\/\/api.w.org\/{rel}","templated":true}]}}