{"id":20831,"date":"2021-04-14T23:07:38","date_gmt":"2021-04-14T23:07:38","guid":{"rendered":"https:\/\/blogdorogeriogomes.com.br\/?p=20831"},"modified":"2021-04-15T18:47:09","modified_gmt":"2021-04-15T18:47:09","slug":"stf-mantem-determinacao-para-instalacao-de-cpi-da-covid-dois-senadores-cearenses-integram-a-comissao","status":"publish","type":"post","link":"https:\/\/blogdorogeriogomes.com.br\/noticias\/2021\/04\/stf-mantem-determinacao-para-instalacao-de-cpi-da-covid-dois-senadores-cearenses-integram-a-comissao\/","title":{"rendered":"STF mant\u00e9m determina\u00e7\u00e3o para instala\u00e7\u00e3o de CPI da Covid. Dois senadores cearenses integram a comiss\u00e3o"},"content":{"rendered":"\n<p>O Supremo Tribunal Federal (STF) decidiu, nesta quarta-feira, dia 14 de abril, por 10 votos contra 1, manter a liminar concedida pelo ministro Lu\u00eds Roberto Barroso que determina a instala\u00e7\u00e3o da Comiss\u00e3o Parlamentar de Inqu\u00e9rito (CPI) da Covid-19. Com isso, os trabalhos seguem normalmente no Legislativo. Na ter\u00e7a-feira passada, o presidente do Senado, Rodrigo Pacheco (DEM) oficializou a abertura investigar\u00e1 a\u00e7\u00f5es e omiss\u00f5es do governo federal diante da pandemia da Covid-19. Tamb\u00e9m ser\u00e3o fiscalizados os recursos da Uni\u00e3o repassados a estados e munic\u00edpios.<\/p>\n\n\n\n<p>Os nomes que v\u00e3o integrar a comiss\u00e3o j\u00e1 foram indicados pelas lideran\u00e7as do Senado. Ao todo, s\u00e3o 11 titulares e sete suplentes para representar cada um dos seis blocos. Os titulares s\u00e3o: Eduardo Braga (MDB-AM),<br>Renan Calheiros (MDB-AL), Ciro Nogueira (PP-PI), Otto Alencar (PSD-BA), Omar Aziz (PSD-AM), Tasso Jereissati (PSDB-CE) e Eduardo Gir\u00e3o (Podemos-CE), ambos na foto; Humberto Costa (PT-PE), Randolfe Rodrigues (Rede-AP), Marcos Rog\u00e9rio (DEM-RO) e Jorginho Mello (PL-SC).<\/p>\n\n\n\n<p>A CPI da Covid ser\u00e1 composta majoritariamente por senadores independentes ou de oposi\u00e7\u00e3o ao governo Jair Bolsonaro. Isso deve gerar dores de cabe\u00e7a ao Pal\u00e1cio do Planalto diante da an\u00e1lise de omiss\u00f5es do Governo Federal no combate \u00e0 pandemia do coronav\u00edrus. Entre os fatos a serem analisados, os problemas no fornecimento de oxig\u00eanio e insumos para os estados, demora na compra das vacinas, suspens\u00e3o na habilita\u00e7\u00e3o de leitos de UTI e imposi\u00e7\u00e3o de protocolos para uso de tratamento precoce com rem\u00e9dios ineficazes contra a Covid-19.<\/p>\n\n\n\n<p>Entre os convocados para depor na CPI j\u00e1 s\u00e3o cotados como certos o atual ministro da Sa\u00fade, Marcelo Queiroga, e o ex-ministro Eduardo Pazuello. <\/p>\n\n\n\n<figure class=\"wp-block-image size-large\"><img loading=\"lazy\" decoding=\"async\" width=\"444\" height=\"415\" src=\"https:\/\/blogdorogeriogomes.com.br\/wp-content\/uploads\/2021\/04\/images-302.jpeg\" alt=\"\" class=\"wp-image-20832\" srcset=\"https:\/\/blogdorogeriogomes.com.br\/noticias\/wp-content\/uploads\/2021\/04\/images-302.jpeg 444w, https:\/\/blogdorogeriogomes.com.br\/noticias\/wp-content\/uploads\/2021\/04\/images-302-300x280.jpeg 300w\" sizes=\"auto, (max-width: 444px) 100vw, 444px\" \/><\/figure>\n\n\n\n<p><\/p>\n\n\n\n<p><\/p>\n","protected":false},"excerpt":{"rendered":"<p>O Supremo Tribunal Federal (STF) decidiu, nesta quarta-feira, dia 14 de abril, por 10 votos contra 1, manter a liminar concedida pelo ministro Lu\u00eds Roberto Barroso que determina a instala\u00e7\u00e3o da Comiss\u00e3o Parlamentar de Inqu\u00e9rito (CPI) da Covid-19. Com isso, os trabalhos seguem normalmente no Legislativo. Na ter\u00e7a-feira passada, o presidente do Senado, Rodrigo Pacheco (DEM) oficializou a abertura investigar\u00e1 a\u00e7\u00f5es e omiss\u00f5es do governo federal diante da pandemia da Covid-19. Tamb\u00e9m ser\u00e3o fiscalizados os recursos da Uni\u00e3o repassados&hellip;<\/p>\n","protected":false},"author":1,"featured_media":20832,"comment_status":"open","ping_status":"open","sticky":false,"template":"","format":"standard","meta":{"footnotes":""},"categories":[1],"tags":[],"class_list":["post-20831","post","type-post","status-publish","format-standard","has-post-thumbnail","hentry","category-noticias"],"_links":{"self":[{"href":"https:\/\/blogdorogeriogomes.com.br\/noticias\/wp-json\/wp\/v2\/posts\/20831","targetHints":{"allow":["GET"]}}],"collection":[{"href":"https:\/\/blogdorogeriogomes.com.br\/noticias\/wp-json\/wp\/v2\/posts"}],"about":[{"href":"https:\/\/blogdorogeriogomes.com.br\/noticias\/wp-json\/wp\/v2\/types\/post"}],"author":[{"embeddable":true,"href":"https:\/\/blogdorogeriogomes.com.br\/noticias\/wp-json\/wp\/v2\/users\/1"}],"replies":[{"embeddable":true,"href":"https:\/\/blogdorogeriogomes.com.br\/noticias\/wp-json\/wp\/v2\/comments?post=20831"}],"version-history":[{"count":1,"href":"https:\/\/blogdorogeriogomes.com.br\/noticias\/wp-json\/wp\/v2\/posts\/20831\/revisions"}],"predecessor-version":[{"id":20833,"href":"https:\/\/blogdorogeriogomes.com.br\/noticias\/wp-json\/wp\/v2\/posts\/20831\/revisions\/20833"}],"wp:featuredmedia":[{"embeddable":true,"href":"https:\/\/blogdorogeriogomes.com.br\/noticias\/wp-json\/wp\/v2\/media\/20832"}],"wp:attachment":[{"href":"https:\/\/blogdorogeriogomes.com.br\/noticias\/wp-json\/wp\/v2\/media?parent=20831"}],"wp:term":[{"taxonomy":"category","embeddable":true,"href":"https:\/\/blogdorogeriogomes.com.br\/noticias\/wp-json\/wp\/v2\/categories?post=20831"},{"taxonomy":"post_tag","embeddable":true,"href":"https:\/\/blogdorogeriogomes.com.br\/noticias\/wp-json\/wp\/v2\/tags?post=20831"}],"curies":[{"name":"wp","href":"https:\/\/api.w.org\/{rel}","templated":true}]}}