{"id":20834,"date":"2021-04-15T10:39:26","date_gmt":"2021-04-15T10:39:26","guid":{"rendered":"https:\/\/blogdorogeriogomes.com.br\/?p=20834"},"modified":"2021-04-15T10:39:28","modified_gmt":"2021-04-15T10:39:28","slug":"pazuello-e-outros-membros-do-ministerio-da-saude-viram-alvo-do-mpf-e-tcu-antes-mesmo-do-inicio-dos-trabalhos-da-cpi-do-senado","status":"publish","type":"post","link":"https:\/\/blogdorogeriogomes.com.br\/noticias\/2021\/04\/pazuello-e-outros-membros-do-ministerio-da-saude-viram-alvo-do-mpf-e-tcu-antes-mesmo-do-inicio-dos-trabalhos-da-cpi-do-senado\/","title":{"rendered":"Pazuello e outros membros do Minist\u00e9rio da Sa\u00fade viram alvo do MPF e TCU antes mesmo do in\u00edcio dos trabalhos da CPI do Senado"},"content":{"rendered":"\n<p>O ex-ministro Eduardo Pazuello e outros integrantes do Minist\u00e9rio da Sa\u00fade na sua gest\u00e3o j\u00e1 s\u00e3o alvo de investiga\u00e7\u00f5es do Minist\u00e9rio P\u00fablico Federal (MPF) e Tribunal de Contas da Uni\u00e3o (TCU), antes mesmo do in\u00edcio dos trabalhos da CPI da Covid, instalada no Senado Federal. <\/p>\n\n\n\n<p>O MPF no Amazonas ajuizou a\u00e7\u00e3o de improbidade administrativa contra o ex-ministro Eduardo Pazuello e o secret\u00e1rio estadual de Sa\u00fade do Amazonas, Marcellus Campelo, por omiss\u00e3o no combate \u00e0 pandemia entre dezembro de 2020 e janeiro de 2021, quando o Amazonas registrou colapso de oxig\u00eanio nas unidades de sa\u00fade e aumento de mortes por Covid-19.<\/p>\n\n\n\n<p>Entre as falhas de Pazuello e equipe, apontadas pelo MPF, est\u00e3o o atraso em enviar equipe para diagnosticar e reduzir nova onda de casos de coronav\u00edrus no Estado e a press\u00e3o para as autoridades locais adotarem &#8216;tratamento precoce&#8217;. Tamb\u00e9m foi apontada a omiss\u00e3o das autoridades no monitoramento da demanda de oxig\u00eanio em Manaus e a demora para transfer\u00eancia de pacientes que aguardavam leitos.<\/p>\n\n\n\n<p>A a\u00e7\u00e3o, encaminhada \u00e0 Justi\u00e7a Federal no Amazonas, cita tamb\u00e9m tr\u00eas secret\u00e1rios do Minist\u00e9rio da Sa\u00fade, entre eles, a m\u00e9dica cearense Mayra Pinheiro, que chefiou um grupo que visitou treze unidades b\u00e1sicas de sa\u00fade em Manaus, recomendando o uso do chamado &#8220;kit Covid&#8221;, que n\u00e3o tem qualquer efic\u00e1cia comprovada no tratamento da pandemia. Mayra responde tamb\u00e9m na mesma a\u00e7\u00e3o por improbidade administrativa.<\/p>\n\n\n\n<p>O TCU tamb\u00e9m antecipa a\u00e7\u00f5es contra Pazuello. O ministro Benjamin Zymler, do Tribunal de Contas da Uni\u00e3o (TCU), prop\u00f4s a abertura de um processo para apurar se houve omiss\u00e3o do Minist\u00e9rio da Sa\u00fade na elabora\u00e7\u00e3o de uma pol\u00edtica de assist\u00eancia de medicamentos para estados e munic\u00edpios durante a pandemia.<\/p>\n\n\n\n<figure class=\"wp-block-image size-large\"><img loading=\"lazy\" decoding=\"async\" width=\"540\" height=\"304\" src=\"https:\/\/blogdorogeriogomes.com.br\/wp-content\/uploads\/2021\/04\/2021-03-15t211600z-1229791932-rc2xbm9bpda1-rtrmadp-3-health-coronavirus-brazil.jpg\" alt=\"\" class=\"wp-image-20835\" srcset=\"https:\/\/blogdorogeriogomes.com.br\/noticias\/wp-content\/uploads\/2021\/04\/2021-03-15t211600z-1229791932-rc2xbm9bpda1-rtrmadp-3-health-coronavirus-brazil.jpg 540w, https:\/\/blogdorogeriogomes.com.br\/noticias\/wp-content\/uploads\/2021\/04\/2021-03-15t211600z-1229791932-rc2xbm9bpda1-rtrmadp-3-health-coronavirus-brazil-300x169.jpg 300w\" sizes=\"auto, (max-width: 540px) 100vw, 540px\" \/><\/figure>\n\n\n\n<p><\/p>\n","protected":false},"excerpt":{"rendered":"<p>O ex-ministro Eduardo Pazuello e outros integrantes do Minist\u00e9rio da Sa\u00fade na sua gest\u00e3o j\u00e1 s\u00e3o alvo de investiga\u00e7\u00f5es do Minist\u00e9rio P\u00fablico Federal (MPF) e Tribunal de Contas da Uni\u00e3o (TCU), antes mesmo do in\u00edcio dos trabalhos da CPI da Covid, instalada no Senado Federal. O MPF no Amazonas ajuizou a\u00e7\u00e3o de improbidade administrativa contra o ex-ministro Eduardo Pazuello e o secret\u00e1rio estadual de Sa\u00fade do Amazonas, Marcellus Campelo, por omiss\u00e3o no combate \u00e0 pandemia entre dezembro de 2020&hellip;<\/p>\n","protected":false},"author":1,"featured_media":0,"comment_status":"open","ping_status":"open","sticky":false,"template":"","format":"standard","meta":{"footnotes":""},"categories":[1],"tags":[],"class_list":["post-20834","post","type-post","status-publish","format-standard","hentry","category-noticias"],"_links":{"self":[{"href":"https:\/\/blogdorogeriogomes.com.br\/noticias\/wp-json\/wp\/v2\/posts\/20834","targetHints":{"allow":["GET"]}}],"collection":[{"href":"https:\/\/blogdorogeriogomes.com.br\/noticias\/wp-json\/wp\/v2\/posts"}],"about":[{"href":"https:\/\/blogdorogeriogomes.com.br\/noticias\/wp-json\/wp\/v2\/types\/post"}],"author":[{"embeddable":true,"href":"https:\/\/blogdorogeriogomes.com.br\/noticias\/wp-json\/wp\/v2\/users\/1"}],"replies":[{"embeddable":true,"href":"https:\/\/blogdorogeriogomes.com.br\/noticias\/wp-json\/wp\/v2\/comments?post=20834"}],"version-history":[{"count":1,"href":"https:\/\/blogdorogeriogomes.com.br\/noticias\/wp-json\/wp\/v2\/posts\/20834\/revisions"}],"predecessor-version":[{"id":20836,"href":"https:\/\/blogdorogeriogomes.com.br\/noticias\/wp-json\/wp\/v2\/posts\/20834\/revisions\/20836"}],"wp:attachment":[{"href":"https:\/\/blogdorogeriogomes.com.br\/noticias\/wp-json\/wp\/v2\/media?parent=20834"}],"wp:term":[{"taxonomy":"category","embeddable":true,"href":"https:\/\/blogdorogeriogomes.com.br\/noticias\/wp-json\/wp\/v2\/categories?post=20834"},{"taxonomy":"post_tag","embeddable":true,"href":"https:\/\/blogdorogeriogomes.com.br\/noticias\/wp-json\/wp\/v2\/tags?post=20834"}],"curies":[{"name":"wp","href":"https:\/\/api.w.org\/{rel}","templated":true}]}}