{"id":20838,"date":"2021-04-15T14:02:13","date_gmt":"2021-04-15T14:02:13","guid":{"rendered":"https:\/\/blogdorogeriogomes.com.br\/?p=20838"},"modified":"2021-04-15T18:46:31","modified_gmt":"2021-04-15T18:46:31","slug":"a-frente-de-bolsonaro-em-nova-pesquisa-lula-elogia-camilo-santana-e-buscara-apoio-do-governador-em-2022","status":"publish","type":"post","link":"https:\/\/blogdorogeriogomes.com.br\/noticias\/2021\/04\/a-frente-de-bolsonaro-em-nova-pesquisa-lula-elogia-camilo-santana-e-buscara-apoio-do-governador-em-2022\/","title":{"rendered":"\u00c0 frente de Bolsonaro em nova pesquisa, Lula elogia Camilo Santana e buscar\u00e1 apoio do governador em 2022"},"content":{"rendered":"\n<p>O ex-presidente Lula (PT) afirmou, em entrevista \u00e0 R\u00e1dio O POVO\/CBN nesta quinta-feira, dia 15 de abril, que espera contar com o governador do Cear\u00e1, Camilo Santana (PT), ao seu lado nas elei\u00e7\u00f5es de 2022. Questionado sobre a possibilidade de Camilo ficar dividido entre ele e o ex-governador Ciro Gomes (PDT) no pleito presidencial, Lula garantiu que vai &#8220;disputar esse cora\u00e7\u00e3o bondoso&#8221; do chefe executivo estadual.<\/p>\n\n\n\n<p>&#8220;Vamos ver o que vai acontecer em 2022. Vamos ver se eu vou ser candidato. Vamos ver o que o Camilo quer ser. O Camilo \u00e9 um companheiro que ele pode crescer, ele pode ter aspira\u00e7\u00f5es maiores para ser candidato a presidente. Eu continuo gostando do Camilo, ele estando ou n\u00e3o com o cora\u00e7\u00e3o dividido&#8221;, destacou o l\u00edder petista.<\/p>\n\n\n\n<p>A declara\u00e7\u00e3o de Lula ocorre em um cen\u00e1rio de ascens\u00e3o da sua figura no tabuleiro que se forma para as elei\u00e7\u00f5es presidenciais de 2022. Segundo a Pesquisa Poderdata divulgada nesta quarta-feira, dia 14, o ex-presidente aparece \u00e0 frente do presidente Jair Bolsonaro na disputa do segundo turno, vencendo por 52% contra 34%. Bolsonaro tamb\u00e9m sofreria derrota para Luciano Huck (48% a 35%), e empataria tecnicamente com Jo\u00e3o Doria (PSDB), Sergio Moro e Ciro Gomes.<\/p>\n\n\n\n<p>O que colabora para esta proje\u00e7\u00e3o de derrocada bolsonarista \u00e9 a crescente rejei\u00e7\u00e3o do presidente. Enquanto Lula tem a menor rejei\u00e7\u00e3o, com 41%, Jair Bolsonaro se encontra com 50%. Sergio Moro tem a maior rejei\u00e7\u00e3o apontada pela pesquisa, com 60%, seguido de Ciro Gomes, com 57%.<\/p>\n\n\n\n<figure class=\"wp-block-image size-large\"><img loading=\"lazy\" decoding=\"async\" width=\"678\" height=\"452\" src=\"https:\/\/blogdorogeriogomes.com.br\/wp-content\/uploads\/2021\/04\/images-31.jpeg\" alt=\"\" class=\"wp-image-20839\" srcset=\"https:\/\/blogdorogeriogomes.com.br\/noticias\/wp-content\/uploads\/2021\/04\/images-31.jpeg 678w, https:\/\/blogdorogeriogomes.com.br\/noticias\/wp-content\/uploads\/2021\/04\/images-31-300x200.jpeg 300w\" sizes=\"auto, (max-width: 678px) 100vw, 678px\" \/><\/figure>\n\n\n\n<p><\/p>\n","protected":false},"excerpt":{"rendered":"<p>O ex-presidente Lula (PT) afirmou, em entrevista \u00e0 R\u00e1dio O POVO\/CBN nesta quinta-feira, dia 15 de abril, que espera contar com o governador do Cear\u00e1, Camilo Santana (PT), ao seu lado nas elei\u00e7\u00f5es de 2022. Questionado sobre a possibilidade de Camilo ficar dividido entre ele e o ex-governador Ciro Gomes (PDT) no pleito presidencial, Lula garantiu que vai &#8220;disputar esse cora\u00e7\u00e3o bondoso&#8221; do chefe executivo estadual. &#8220;Vamos ver o que vai acontecer em 2022. Vamos ver se eu vou&hellip;<\/p>\n","protected":false},"author":1,"featured_media":20839,"comment_status":"open","ping_status":"open","sticky":false,"template":"","format":"standard","meta":{"footnotes":""},"categories":[1],"tags":[],"class_list":["post-20838","post","type-post","status-publish","format-standard","has-post-thumbnail","hentry","category-noticias"],"_links":{"self":[{"href":"https:\/\/blogdorogeriogomes.com.br\/noticias\/wp-json\/wp\/v2\/posts\/20838","targetHints":{"allow":["GET"]}}],"collection":[{"href":"https:\/\/blogdorogeriogomes.com.br\/noticias\/wp-json\/wp\/v2\/posts"}],"about":[{"href":"https:\/\/blogdorogeriogomes.com.br\/noticias\/wp-json\/wp\/v2\/types\/post"}],"author":[{"embeddable":true,"href":"https:\/\/blogdorogeriogomes.com.br\/noticias\/wp-json\/wp\/v2\/users\/1"}],"replies":[{"embeddable":true,"href":"https:\/\/blogdorogeriogomes.com.br\/noticias\/wp-json\/wp\/v2\/comments?post=20838"}],"version-history":[{"count":1,"href":"https:\/\/blogdorogeriogomes.com.br\/noticias\/wp-json\/wp\/v2\/posts\/20838\/revisions"}],"predecessor-version":[{"id":20840,"href":"https:\/\/blogdorogeriogomes.com.br\/noticias\/wp-json\/wp\/v2\/posts\/20838\/revisions\/20840"}],"wp:featuredmedia":[{"embeddable":true,"href":"https:\/\/blogdorogeriogomes.com.br\/noticias\/wp-json\/wp\/v2\/media\/20839"}],"wp:attachment":[{"href":"https:\/\/blogdorogeriogomes.com.br\/noticias\/wp-json\/wp\/v2\/media?parent=20838"}],"wp:term":[{"taxonomy":"category","embeddable":true,"href":"https:\/\/blogdorogeriogomes.com.br\/noticias\/wp-json\/wp\/v2\/categories?post=20838"},{"taxonomy":"post_tag","embeddable":true,"href":"https:\/\/blogdorogeriogomes.com.br\/noticias\/wp-json\/wp\/v2\/tags?post=20838"}],"curies":[{"name":"wp","href":"https:\/\/api.w.org\/{rel}","templated":true}]}}