{"id":20841,"date":"2021-04-15T19:43:07","date_gmt":"2021-04-15T19:43:07","guid":{"rendered":"https:\/\/blogdorogeriogomes.com.br\/?p=20841"},"modified":"2021-04-16T13:25:43","modified_gmt":"2021-04-16T13:25:43","slug":"chefe-da-pf-no-amazonas-e-substituido-apos-pedir-investigacao-de-ricardo-salles-por-crimes-ambientais","status":"publish","type":"post","link":"https:\/\/blogdorogeriogomes.com.br\/noticias\/2021\/04\/chefe-da-pf-no-amazonas-e-substituido-apos-pedir-investigacao-de-ricardo-salles-por-crimes-ambientais\/","title":{"rendered":"Chefe da PF no Amazonas \u00e9 substitu\u00eddo ap\u00f3s pedir investiga\u00e7\u00e3o de Ricardo Salles por crimes ambientais"},"content":{"rendered":"\n<p>As den\u00fancias feitas por outros pa\u00edses de devasta\u00e7\u00e3o ambiental na Amaz\u00f4nia com a conviv\u00eancia do Governo Bolsonaro ganha um novo cap\u00edtulo. O superintendente da Pol\u00edcia Federal no Amazonas, Alexandre Saraiva, enviou ao Supremo Tribunal Federal uma queixa-crime contra o ministro do Meio Ambiente, Ricardo Salles, acusando-o de dificultar a a\u00e7\u00e3o fiscalizadora no caso da maior apreens\u00e3o de madeira ilegal do Brasil pela PF, ocorrida no Par\u00e1, em dezembro de 2020. Nesta quinta-feira, dia 15 de abril, em clara retalia\u00e7\u00e3o, o diretor-geral da Pol\u00edcia Federal decidiu substituir Saraiva ap\u00f3s o atrito com o representante do governo de Jair Bolsonaro.<\/p>\n\n\n\n<p>Em entrevista \u00e0 Folha de S. Paulo, Alexandre Saraiva havia afirmado que &#8220;na Pol\u00edcia Federal n\u00e3o vai passar boiada&#8221;, fazendo refer\u00eancia \u00e0 fala de Salles na reuni\u00e3o ministerial vazada no ano passado, na qual o ministro afirmou que seria o momento ideal para o governo flexibilizar as normas ambientais. Saraiva tamb\u00e9m criticou Salles por criticar investiga\u00e7\u00f5es que t\u00eam por objetivo central a preserva\u00e7\u00e3o da floresta amaz\u00f4nica.<\/p>\n\n\n\n<p>No Congresso Nacional, parlamentares de oposi\u00e7\u00e3o j\u00e1 se movimentam para acusar improbidade sobre a mudan\u00e7a dentro da Pol\u00edcia Federal. Na C\u00e2mara dos Deputados, o deputado federal Marcelo Freixo (Psol) j\u00e1 anunciou que est\u00e1 junto a outros deputados para acionar o Minist\u00e9rio P\u00fablico Federal. &#8220;O desgoverno Bolsonaro transformou a prote\u00e7\u00e3o de criminosos em pol\u00edtica de Estado. \u00c9 um projeto de destrui\u00e7\u00e3o do Brasil&#8221;, comentou Freixo.<\/p>\n\n\n\n<p>O ex-ministro Ciro Gomes (PDT) tamb\u00e9m se manifestou sobre o assunto. &#8220;Bolsonaro est\u00e1 desmoralizando d\u00e9cadas de respeito e admira\u00e7\u00e3o do povo brasileiro pela Pol\u00edcia Federal. Tamb\u00e9m aqui seu dedo podre est\u00e1 destruindo as institui\u00e7\u00f5es&#8221;, acusou.<\/p>\n\n\n\n<p>Tudo isso acontecendo no momento que os Estados Unidos deram um ultimato ao Governo Bolsonaro que, ou o Pa\u00eds cuida de barrar o desmatamento na Amaz\u00f4nia, ou adeus aos recursos internacionais para a sustenta\u00e7\u00e3o do meio ambiente no Brasil. \u00c9 a \u00faltima chance de Bolsonaro mostrar preocupa\u00e7\u00e3o ambiental para recuperar a confian\u00e7a dos americanos e ampliar as rela\u00e7\u00f5es com a Casa Branca.<\/p>\n\n\n\n<figure class=\"wp-block-image size-large\"><img loading=\"lazy\" decoding=\"async\" width=\"678\" height=\"452\" src=\"https:\/\/blogdorogeriogomes.com.br\/wp-content\/uploads\/2021\/04\/images-32.jpeg\" alt=\"\" class=\"wp-image-20842\" srcset=\"https:\/\/blogdorogeriogomes.com.br\/noticias\/wp-content\/uploads\/2021\/04\/images-32.jpeg 678w, https:\/\/blogdorogeriogomes.com.br\/noticias\/wp-content\/uploads\/2021\/04\/images-32-300x200.jpeg 300w\" sizes=\"auto, (max-width: 678px) 100vw, 678px\" \/><\/figure>\n","protected":false},"excerpt":{"rendered":"<p>As den\u00fancias feitas por outros pa\u00edses de devasta\u00e7\u00e3o ambiental na Amaz\u00f4nia com a conviv\u00eancia do Governo Bolsonaro ganha um novo cap\u00edtulo. O superintendente da Pol\u00edcia Federal no Amazonas, Alexandre Saraiva, enviou ao Supremo Tribunal Federal uma queixa-crime contra o ministro do Meio Ambiente, Ricardo Salles, acusando-o de dificultar a a\u00e7\u00e3o fiscalizadora no caso da maior apreens\u00e3o de madeira ilegal do Brasil pela PF, ocorrida no Par\u00e1, em dezembro de 2020. Nesta quinta-feira, dia 15 de abril, em clara retalia\u00e7\u00e3o,&hellip;<\/p>\n","protected":false},"author":1,"featured_media":20842,"comment_status":"open","ping_status":"open","sticky":false,"template":"","format":"standard","meta":{"footnotes":""},"categories":[1],"tags":[],"class_list":["post-20841","post","type-post","status-publish","format-standard","has-post-thumbnail","hentry","category-noticias"],"_links":{"self":[{"href":"https:\/\/blogdorogeriogomes.com.br\/noticias\/wp-json\/wp\/v2\/posts\/20841","targetHints":{"allow":["GET"]}}],"collection":[{"href":"https:\/\/blogdorogeriogomes.com.br\/noticias\/wp-json\/wp\/v2\/posts"}],"about":[{"href":"https:\/\/blogdorogeriogomes.com.br\/noticias\/wp-json\/wp\/v2\/types\/post"}],"author":[{"embeddable":true,"href":"https:\/\/blogdorogeriogomes.com.br\/noticias\/wp-json\/wp\/v2\/users\/1"}],"replies":[{"embeddable":true,"href":"https:\/\/blogdorogeriogomes.com.br\/noticias\/wp-json\/wp\/v2\/comments?post=20841"}],"version-history":[{"count":1,"href":"https:\/\/blogdorogeriogomes.com.br\/noticias\/wp-json\/wp\/v2\/posts\/20841\/revisions"}],"predecessor-version":[{"id":20843,"href":"https:\/\/blogdorogeriogomes.com.br\/noticias\/wp-json\/wp\/v2\/posts\/20841\/revisions\/20843"}],"wp:featuredmedia":[{"embeddable":true,"href":"https:\/\/blogdorogeriogomes.com.br\/noticias\/wp-json\/wp\/v2\/media\/20842"}],"wp:attachment":[{"href":"https:\/\/blogdorogeriogomes.com.br\/noticias\/wp-json\/wp\/v2\/media?parent=20841"}],"wp:term":[{"taxonomy":"category","embeddable":true,"href":"https:\/\/blogdorogeriogomes.com.br\/noticias\/wp-json\/wp\/v2\/categories?post=20841"},{"taxonomy":"post_tag","embeddable":true,"href":"https:\/\/blogdorogeriogomes.com.br\/noticias\/wp-json\/wp\/v2\/tags?post=20841"}],"curies":[{"name":"wp","href":"https:\/\/api.w.org\/{rel}","templated":true}]}}