{"id":20844,"date":"2021-04-15T20:29:06","date_gmt":"2021-04-15T20:29:06","guid":{"rendered":"https:\/\/blogdorogeriogomes.com.br\/?p=20844"},"modified":"2021-04-16T13:25:28","modified_gmt":"2021-04-16T13:25:28","slug":"cearenses-excluidos-do-programa-bolsa-familia-devem-ser-reinseridos-no-projeto-apos-determinacao-do-supremo-tribunal-federal","status":"publish","type":"post","link":"https:\/\/blogdorogeriogomes.com.br\/noticias\/2021\/04\/cearenses-excluidos-do-programa-bolsa-familia-devem-ser-reinseridos-no-projeto-apos-determinacao-do-supremo-tribunal-federal\/","title":{"rendered":"Cearenses exclu\u00eddos do programa Bolsa Fam\u00edlia devem ser reinseridos no projeto ap\u00f3s determina\u00e7\u00e3o do Supremo Tribunal Federal"},"content":{"rendered":"\n<p>As fam\u00edlias de estados do Nordeste exclu\u00eddas do programa Bolsa Fam\u00edlia, durante a pandemia da Covid-19, devem ser reinseridos no projeto pelo Governo Federal. No Cear\u00e1, de acordo com a Procuradoria-Geral do Estado (PGE), s\u00e3o 8,6 mil fam\u00edlias que poder\u00e3o voltar a receber o benef\u00edcio.<br>A decis\u00e3o veio por meio de liminar publicada do ministro Marco Aur\u00e9lio Mello, do Supremo Tribunal Federal (STF), na \u00faltima quarta-feira, dia 15 de abril. Na decis\u00e3o, o ministro sinalizou que houve &#8220;tratamento discriminat\u00f3rio&#8221; por parte do Governo Federal.<br>A Uni\u00e3o deve promover a reintegra\u00e7\u00e3o das fam\u00edlias nordestinas exclu\u00eddas do programa, no prazo de 10 dias, estipulada pelo ministro.<br>A multa di\u00e1ria \u00e9 de R$ 100 mil, caso a determina\u00e7\u00e3o n\u00e3o seja cumprida.<\/p>\n\n\n\n<figure class=\"wp-block-image size-large\"><img loading=\"lazy\" decoding=\"async\" width=\"678\" height=\"452\" src=\"https:\/\/blogdorogeriogomes.com.br\/wp-content\/uploads\/2021\/04\/IMG-20210415-WA0142.jpg\" alt=\"\" class=\"wp-image-20845\" srcset=\"https:\/\/blogdorogeriogomes.com.br\/noticias\/wp-content\/uploads\/2021\/04\/IMG-20210415-WA0142.jpg 678w, https:\/\/blogdorogeriogomes.com.br\/noticias\/wp-content\/uploads\/2021\/04\/IMG-20210415-WA0142-300x200.jpg 300w\" sizes=\"auto, (max-width: 678px) 100vw, 678px\" \/><\/figure>\n\n\n\n<p><\/p>\n","protected":false},"excerpt":{"rendered":"<p>As fam\u00edlias de estados do Nordeste exclu\u00eddas do programa Bolsa Fam\u00edlia, durante a pandemia da Covid-19, devem ser reinseridos no projeto pelo Governo Federal. No Cear\u00e1, de acordo com a Procuradoria-Geral do Estado (PGE), s\u00e3o 8,6 mil fam\u00edlias que poder\u00e3o voltar a receber o benef\u00edcio.A decis\u00e3o veio por meio de liminar publicada do ministro Marco Aur\u00e9lio Mello, do Supremo Tribunal Federal (STF), na \u00faltima quarta-feira, dia 15 de abril. Na decis\u00e3o, o ministro sinalizou que houve &#8220;tratamento discriminat\u00f3rio&#8221; por&hellip;<\/p>\n","protected":false},"author":1,"featured_media":20845,"comment_status":"open","ping_status":"open","sticky":false,"template":"","format":"standard","meta":{"footnotes":""},"categories":[1],"tags":[],"class_list":["post-20844","post","type-post","status-publish","format-standard","has-post-thumbnail","hentry","category-noticias"],"_links":{"self":[{"href":"https:\/\/blogdorogeriogomes.com.br\/noticias\/wp-json\/wp\/v2\/posts\/20844","targetHints":{"allow":["GET"]}}],"collection":[{"href":"https:\/\/blogdorogeriogomes.com.br\/noticias\/wp-json\/wp\/v2\/posts"}],"about":[{"href":"https:\/\/blogdorogeriogomes.com.br\/noticias\/wp-json\/wp\/v2\/types\/post"}],"author":[{"embeddable":true,"href":"https:\/\/blogdorogeriogomes.com.br\/noticias\/wp-json\/wp\/v2\/users\/1"}],"replies":[{"embeddable":true,"href":"https:\/\/blogdorogeriogomes.com.br\/noticias\/wp-json\/wp\/v2\/comments?post=20844"}],"version-history":[{"count":1,"href":"https:\/\/blogdorogeriogomes.com.br\/noticias\/wp-json\/wp\/v2\/posts\/20844\/revisions"}],"predecessor-version":[{"id":20846,"href":"https:\/\/blogdorogeriogomes.com.br\/noticias\/wp-json\/wp\/v2\/posts\/20844\/revisions\/20846"}],"wp:featuredmedia":[{"embeddable":true,"href":"https:\/\/blogdorogeriogomes.com.br\/noticias\/wp-json\/wp\/v2\/media\/20845"}],"wp:attachment":[{"href":"https:\/\/blogdorogeriogomes.com.br\/noticias\/wp-json\/wp\/v2\/media?parent=20844"}],"wp:term":[{"taxonomy":"category","embeddable":true,"href":"https:\/\/blogdorogeriogomes.com.br\/noticias\/wp-json\/wp\/v2\/categories?post=20844"},{"taxonomy":"post_tag","embeddable":true,"href":"https:\/\/blogdorogeriogomes.com.br\/noticias\/wp-json\/wp\/v2\/tags?post=20844"}],"curies":[{"name":"wp","href":"https:\/\/api.w.org\/{rel}","templated":true}]}}