{"id":20847,"date":"2021-04-15T22:30:16","date_gmt":"2021-04-15T22:30:16","guid":{"rendered":"https:\/\/blogdorogeriogomes.com.br\/?p=20847"},"modified":"2021-04-16T13:25:13","modified_gmt":"2021-04-16T13:25:13","slug":"pleno-do-stf-confirma-anulacao-de-processos-e-deixa-lula-livre-para-concorrer-nas-eleicoes-de-2022","status":"publish","type":"post","link":"https:\/\/blogdorogeriogomes.com.br\/noticias\/2021\/04\/pleno-do-stf-confirma-anulacao-de-processos-e-deixa-lula-livre-para-concorrer-nas-eleicoes-de-2022\/","title":{"rendered":"Pleno do STF confirma anula\u00e7\u00e3o de processos e deixa Lula livre para concorrer nas elei\u00e7\u00f5es de 2022"},"content":{"rendered":"\n<p>Por oito votos a tr\u00eas, o Pleno do Supremo Tribunal Federal confirmou, nesta quinta-feira, dia 15 de abril, a incompet\u00eancia do ex-juiz Sergio Moro para julgar os processos do ex-presidente Lula, em Curitiba. Assim, os ministros confirmam a decis\u00e3o de Edson Fachin de anular todos os processos contra o petista. Em resumo, o Pleno do STF deixa Lula livre para se candidatar \u00e0 Presid\u00eancia da Rep\u00fablica em 2022. O ex-presidente recuperou em definitivo os direitos pol\u00edticos. As pesquisas eleitorais v\u00eam dando ao petista alto potencial de inten\u00e7\u00e3o de votos, inclusive \u00e0 frente do presidente Jair Bolsonaro em simula\u00e7\u00f5es de primeiro e segundo turnos.<br>Com a incompet\u00eancia de Moro, os processos envolvendo Lula ter\u00e3o de come\u00e7ar do zero em outra Vara Federal, que ser\u00e1 em Bras\u00edlia ou S\u00e3o Paulo.<br>A idade de Lula (75 anos), o per\u00edodo dos fatos considerados criminosos e o tamanho das puni\u00e7\u00f5es podem vir a contribuir com que todos os processos contra o ex-presidente venham a prescrever, que \u00e9 quando um processo demora demais para julgar um fato do passado.<\/p>\n\n\n\n<figure class=\"wp-block-image size-large\"><img loading=\"lazy\" decoding=\"async\" width=\"750\" height=\"342\" src=\"https:\/\/blogdorogeriogomes.com.br\/wp-content\/uploads\/2021\/04\/images-33.jpeg\" alt=\"\" class=\"wp-image-20848\" srcset=\"https:\/\/blogdorogeriogomes.com.br\/noticias\/wp-content\/uploads\/2021\/04\/images-33.jpeg 750w, https:\/\/blogdorogeriogomes.com.br\/noticias\/wp-content\/uploads\/2021\/04\/images-33-300x137.jpeg 300w\" sizes=\"auto, (max-width: 750px) 100vw, 750px\" \/><\/figure>\n","protected":false},"excerpt":{"rendered":"<p>Por oito votos a tr\u00eas, o Pleno do Supremo Tribunal Federal confirmou, nesta quinta-feira, dia 15 de abril, a incompet\u00eancia do ex-juiz Sergio Moro para julgar os processos do ex-presidente Lula, em Curitiba. Assim, os ministros confirmam a decis\u00e3o de Edson Fachin de anular todos os processos contra o petista. Em resumo, o Pleno do STF deixa Lula livre para se candidatar \u00e0 Presid\u00eancia da Rep\u00fablica em 2022. O ex-presidente recuperou em definitivo os direitos pol\u00edticos. As pesquisas eleitorais&hellip;<\/p>\n","protected":false},"author":1,"featured_media":20848,"comment_status":"open","ping_status":"open","sticky":false,"template":"","format":"standard","meta":{"footnotes":""},"categories":[1],"tags":[],"class_list":["post-20847","post","type-post","status-publish","format-standard","has-post-thumbnail","hentry","category-noticias"],"_links":{"self":[{"href":"https:\/\/blogdorogeriogomes.com.br\/noticias\/wp-json\/wp\/v2\/posts\/20847","targetHints":{"allow":["GET"]}}],"collection":[{"href":"https:\/\/blogdorogeriogomes.com.br\/noticias\/wp-json\/wp\/v2\/posts"}],"about":[{"href":"https:\/\/blogdorogeriogomes.com.br\/noticias\/wp-json\/wp\/v2\/types\/post"}],"author":[{"embeddable":true,"href":"https:\/\/blogdorogeriogomes.com.br\/noticias\/wp-json\/wp\/v2\/users\/1"}],"replies":[{"embeddable":true,"href":"https:\/\/blogdorogeriogomes.com.br\/noticias\/wp-json\/wp\/v2\/comments?post=20847"}],"version-history":[{"count":1,"href":"https:\/\/blogdorogeriogomes.com.br\/noticias\/wp-json\/wp\/v2\/posts\/20847\/revisions"}],"predecessor-version":[{"id":20849,"href":"https:\/\/blogdorogeriogomes.com.br\/noticias\/wp-json\/wp\/v2\/posts\/20847\/revisions\/20849"}],"wp:featuredmedia":[{"embeddable":true,"href":"https:\/\/blogdorogeriogomes.com.br\/noticias\/wp-json\/wp\/v2\/media\/20848"}],"wp:attachment":[{"href":"https:\/\/blogdorogeriogomes.com.br\/noticias\/wp-json\/wp\/v2\/media?parent=20847"}],"wp:term":[{"taxonomy":"category","embeddable":true,"href":"https:\/\/blogdorogeriogomes.com.br\/noticias\/wp-json\/wp\/v2\/categories?post=20847"},{"taxonomy":"post_tag","embeddable":true,"href":"https:\/\/blogdorogeriogomes.com.br\/noticias\/wp-json\/wp\/v2\/tags?post=20847"}],"curies":[{"name":"wp","href":"https:\/\/api.w.org\/{rel}","templated":true}]}}