{"id":20853,"date":"2021-04-16T09:51:41","date_gmt":"2021-04-16T09:51:41","guid":{"rendered":"https:\/\/blogdorogeriogomes.com.br\/?p=20853"},"modified":"2021-04-16T13:24:24","modified_gmt":"2021-04-16T13:24:24","slug":"novo-lote-com-234-mil-doses-de-vacinas-contra-a-covid-19-ja-esta-no-ceara-ainda-hoje-imunizante-seguira-para-o-interior","status":"publish","type":"post","link":"https:\/\/blogdorogeriogomes.com.br\/noticias\/2021\/04\/novo-lote-com-234-mil-doses-de-vacinas-contra-a-covid-19-ja-esta-no-ceara-ainda-hoje-imunizante-seguira-para-o-interior\/","title":{"rendered":"Novo lote com 234 mil doses de vacinas contra a Covid-19 j\u00e1 est\u00e1 no Cear\u00e1. Ainda hoje, imunizante seguir\u00e1 para o interior"},"content":{"rendered":"\n<p>O 14\u00b0 lote de vacinas contra a Covid-19 enviado pelo Minist\u00e9rio da Sa\u00fade j\u00e1 est\u00e1 no Cear\u00e1. S\u00e3o 234.700 doses que desembarcaram ainda na madrugada desta sexta-feira, dia 16 de abril, no Aeroporto de Fortaleza. Ainda hoje, a Secretaria de Sa\u00fade do Cear\u00e1 vai distribuir os imunizantes para Fortaleza e cidades do interior do Estado.<\/p>\n\n\n\n<p>O novo lote tem 93.200 mil doses da CoronaVac e 141.500 doses da AstraZeneca\/Oxford. A prioridade \u00e9 terminar a vacina\u00e7\u00e3o do grupo priorit\u00e1rio da segunda fase, que envolve pessoas a partir de 60 anos, al\u00e9m de profissionais de sa\u00fade e de seguran\u00e7a.<\/p>\n\n\n\n<p>De acordo com o prefeito de Fortaleza, Jos\u00e9 Sarto, com a chegada prevista de novos imunizantes nas pr\u00f3ximas semanas ser\u00e1 poss\u00edvel projetar o in\u00edcio da vacina\u00e7\u00e3o da terceira fase do Plano Nacional de Imuniza\u00e7\u00e3o, que contempla pessoas com comorbidades como diabetes, hipertens\u00e3o, doen\u00e7a pulmonar, entre outras.&nbsp;<\/p>\n\n\n\n<figure class=\"wp-block-image size-large\"><img loading=\"lazy\" decoding=\"async\" width=\"1024\" height=\"682\" src=\"https:\/\/blogdorogeriogomes.com.br\/wp-content\/uploads\/2021\/04\/IMG-20210416-WA0009-1024x682.jpg\" alt=\"\" class=\"wp-image-20854\" srcset=\"https:\/\/blogdorogeriogomes.com.br\/noticias\/wp-content\/uploads\/2021\/04\/IMG-20210416-WA0009-1024x682.jpg 1024w, https:\/\/blogdorogeriogomes.com.br\/noticias\/wp-content\/uploads\/2021\/04\/IMG-20210416-WA0009-300x200.jpg 300w, https:\/\/blogdorogeriogomes.com.br\/noticias\/wp-content\/uploads\/2021\/04\/IMG-20210416-WA0009-768x512.jpg 768w, https:\/\/blogdorogeriogomes.com.br\/noticias\/wp-content\/uploads\/2021\/04\/IMG-20210416-WA0009-800x533.jpg 800w, https:\/\/blogdorogeriogomes.com.br\/noticias\/wp-content\/uploads\/2021\/04\/IMG-20210416-WA0009.jpg 1280w\" sizes=\"auto, (max-width: 1024px) 100vw, 1024px\" \/><\/figure>\n","protected":false},"excerpt":{"rendered":"<p>O 14\u00b0 lote de vacinas contra a Covid-19 enviado pelo Minist\u00e9rio da Sa\u00fade j\u00e1 est\u00e1 no Cear\u00e1. S\u00e3o 234.700 doses que desembarcaram ainda na madrugada desta sexta-feira, dia 16 de abril, no Aeroporto de Fortaleza. Ainda hoje, a Secretaria de Sa\u00fade do Cear\u00e1 vai distribuir os imunizantes para Fortaleza e cidades do interior do Estado. O novo lote tem 93.200 mil doses da CoronaVac e 141.500 doses da AstraZeneca\/Oxford. A prioridade \u00e9 terminar a vacina\u00e7\u00e3o do grupo priorit\u00e1rio da&hellip;<\/p>\n","protected":false},"author":1,"featured_media":20854,"comment_status":"open","ping_status":"open","sticky":false,"template":"","format":"standard","meta":{"footnotes":""},"categories":[1],"tags":[],"class_list":["post-20853","post","type-post","status-publish","format-standard","has-post-thumbnail","hentry","category-noticias"],"_links":{"self":[{"href":"https:\/\/blogdorogeriogomes.com.br\/noticias\/wp-json\/wp\/v2\/posts\/20853","targetHints":{"allow":["GET"]}}],"collection":[{"href":"https:\/\/blogdorogeriogomes.com.br\/noticias\/wp-json\/wp\/v2\/posts"}],"about":[{"href":"https:\/\/blogdorogeriogomes.com.br\/noticias\/wp-json\/wp\/v2\/types\/post"}],"author":[{"embeddable":true,"href":"https:\/\/blogdorogeriogomes.com.br\/noticias\/wp-json\/wp\/v2\/users\/1"}],"replies":[{"embeddable":true,"href":"https:\/\/blogdorogeriogomes.com.br\/noticias\/wp-json\/wp\/v2\/comments?post=20853"}],"version-history":[{"count":2,"href":"https:\/\/blogdorogeriogomes.com.br\/noticias\/wp-json\/wp\/v2\/posts\/20853\/revisions"}],"predecessor-version":[{"id":20859,"href":"https:\/\/blogdorogeriogomes.com.br\/noticias\/wp-json\/wp\/v2\/posts\/20853\/revisions\/20859"}],"wp:featuredmedia":[{"embeddable":true,"href":"https:\/\/blogdorogeriogomes.com.br\/noticias\/wp-json\/wp\/v2\/media\/20854"}],"wp:attachment":[{"href":"https:\/\/blogdorogeriogomes.com.br\/noticias\/wp-json\/wp\/v2\/media?parent=20853"}],"wp:term":[{"taxonomy":"category","embeddable":true,"href":"https:\/\/blogdorogeriogomes.com.br\/noticias\/wp-json\/wp\/v2\/categories?post=20853"},{"taxonomy":"post_tag","embeddable":true,"href":"https:\/\/blogdorogeriogomes.com.br\/noticias\/wp-json\/wp\/v2\/tags?post=20853"}],"curies":[{"name":"wp","href":"https:\/\/api.w.org\/{rel}","templated":true}]}}