{"id":20856,"date":"2021-04-16T10:19:11","date_gmt":"2021-04-16T10:19:11","guid":{"rendered":"https:\/\/blogdorogeriogomes.com.br\/?p=20856"},"modified":"2021-04-16T13:23:59","modified_gmt":"2021-04-16T13:23:59","slug":"ministra-carmen-lucia-da-prazo-de-cinco-dias-para-que-arthur-lira-se-manifeste-sobre-os-mais-de-100-pedidos-de-impeachment-contra-jair-bolsonaro","status":"publish","type":"post","link":"https:\/\/blogdorogeriogomes.com.br\/noticias\/2021\/04\/ministra-carmen-lucia-da-prazo-de-cinco-dias-para-que-arthur-lira-se-manifeste-sobre-os-mais-de-100-pedidos-de-impeachment-contra-jair-bolsonaro\/","title":{"rendered":"Ministra C\u00e1rmen L\u00facia d\u00e1 prazo de cinco dias para que Arthur Lira se manifeste sobre os mais de 100 pedidos de impeachment contra Jair Bolsonaro"},"content":{"rendered":"\n<p>A ministra C\u00e1rmen L\u00facia, do Supremo Tribunal Federal (STF), deu um prazo de cinco dias para que o presidente da C\u00e2mara dos Deputados, Arthur Lira, explique a n\u00e3o abertura dos processos de impeachment contra o presidente Jair Bolsonaro.<\/p>\n\n\n\n<p>Mais de cem pedidos de impeachment est\u00e3o engavetados na mesa da C\u00e2mara desde a gest\u00e3o de Rodrigo Maia (DEM), que tamb\u00e9m n\u00e3o quis levar adiante a discuss\u00e3o do afastamento de Bolsonaro.<\/p>\n\n\n\n<p>A decis\u00e3o de C\u00e1rmen L\u00facia ocorre em resposta a um mandado de injun\u00e7\u00e3o do advogado Ronan Botelho, que afirma haver uma lacuna na legisla\u00e7\u00e3o ao n\u00e3o se estabelecer um prazo para abertura dos processos de impeachment.<\/p>\n\n\n\n<p>Numa live nesta quinta-feira, dia 15 de abril, o presidente Jair Bolsonaro reagiu indignado a a\u00e7\u00e3o da ministra do STF, C\u00e1rmen L\u00facia. &#8220;S\u00f3 Deus me tira da cadeira presidencial. E me tira, obviamente, tirando a minha vida&#8221;, declarou.<\/p>\n\n\n\n<figure class=\"wp-block-image size-large\"><img loading=\"lazy\" decoding=\"async\" width=\"679\" height=\"451\" src=\"https:\/\/blogdorogeriogomes.com.br\/wp-content\/uploads\/2021\/04\/images-34.jpeg\" alt=\"\" class=\"wp-image-20857\" srcset=\"https:\/\/blogdorogeriogomes.com.br\/noticias\/wp-content\/uploads\/2021\/04\/images-34.jpeg 679w, https:\/\/blogdorogeriogomes.com.br\/noticias\/wp-content\/uploads\/2021\/04\/images-34-300x199.jpeg 300w\" sizes=\"auto, (max-width: 679px) 100vw, 679px\" \/><\/figure>\n","protected":false},"excerpt":{"rendered":"<p>A ministra C\u00e1rmen L\u00facia, do Supremo Tribunal Federal (STF), deu um prazo de cinco dias para que o presidente da C\u00e2mara dos Deputados, Arthur Lira, explique a n\u00e3o abertura dos processos de impeachment contra o presidente Jair Bolsonaro. Mais de cem pedidos de impeachment est\u00e3o engavetados na mesa da C\u00e2mara desde a gest\u00e3o de Rodrigo Maia (DEM), que tamb\u00e9m n\u00e3o quis levar adiante a discuss\u00e3o do afastamento de Bolsonaro. A decis\u00e3o de C\u00e1rmen L\u00facia ocorre em resposta a um&hellip;<\/p>\n","protected":false},"author":1,"featured_media":20857,"comment_status":"open","ping_status":"open","sticky":false,"template":"","format":"standard","meta":{"footnotes":""},"categories":[1],"tags":[],"class_list":["post-20856","post","type-post","status-publish","format-standard","has-post-thumbnail","hentry","category-noticias"],"_links":{"self":[{"href":"https:\/\/blogdorogeriogomes.com.br\/noticias\/wp-json\/wp\/v2\/posts\/20856","targetHints":{"allow":["GET"]}}],"collection":[{"href":"https:\/\/blogdorogeriogomes.com.br\/noticias\/wp-json\/wp\/v2\/posts"}],"about":[{"href":"https:\/\/blogdorogeriogomes.com.br\/noticias\/wp-json\/wp\/v2\/types\/post"}],"author":[{"embeddable":true,"href":"https:\/\/blogdorogeriogomes.com.br\/noticias\/wp-json\/wp\/v2\/users\/1"}],"replies":[{"embeddable":true,"href":"https:\/\/blogdorogeriogomes.com.br\/noticias\/wp-json\/wp\/v2\/comments?post=20856"}],"version-history":[{"count":1,"href":"https:\/\/blogdorogeriogomes.com.br\/noticias\/wp-json\/wp\/v2\/posts\/20856\/revisions"}],"predecessor-version":[{"id":20858,"href":"https:\/\/blogdorogeriogomes.com.br\/noticias\/wp-json\/wp\/v2\/posts\/20856\/revisions\/20858"}],"wp:featuredmedia":[{"embeddable":true,"href":"https:\/\/blogdorogeriogomes.com.br\/noticias\/wp-json\/wp\/v2\/media\/20857"}],"wp:attachment":[{"href":"https:\/\/blogdorogeriogomes.com.br\/noticias\/wp-json\/wp\/v2\/media?parent=20856"}],"wp:term":[{"taxonomy":"category","embeddable":true,"href":"https:\/\/blogdorogeriogomes.com.br\/noticias\/wp-json\/wp\/v2\/categories?post=20856"},{"taxonomy":"post_tag","embeddable":true,"href":"https:\/\/blogdorogeriogomes.com.br\/noticias\/wp-json\/wp\/v2\/tags?post=20856"}],"curies":[{"name":"wp","href":"https:\/\/api.w.org\/{rel}","templated":true}]}}