{"id":20860,"date":"2021-04-16T16:55:03","date_gmt":"2021-04-16T16:55:03","guid":{"rendered":"https:\/\/blogdorogeriogomes.com.br\/?p=20860"},"modified":"2021-04-19T20:53:09","modified_gmt":"2021-04-19T20:53:09","slug":"renan-calheiros-sera-o-relator-da-cpi-da-covid-19-randolfe-rodrigues-sera-vice-presidente-e-reforca-tom-critico-ao-governo-bolsonaro-na-comissao","status":"publish","type":"post","link":"https:\/\/blogdorogeriogomes.com.br\/noticias\/2021\/04\/renan-calheiros-sera-o-relator-da-cpi-da-covid-19-randolfe-rodrigues-sera-vice-presidente-e-reforca-tom-critico-ao-governo-bolsonaro-na-comissao\/","title":{"rendered":"Renan Calheiros ser\u00e1 o relator da CPI da Covid-19. Randolfe Rodrigues ser\u00e1 vice-presidente e refor\u00e7a tom cr\u00edtico ao governo Bolsonaro na comiss\u00e3o"},"content":{"rendered":"\n<p>O Senado Federal definiu, nesta sexta-feira, dia 16 de abril, o acordo para a composi\u00e7\u00e3o dos cargos de comando da Comiss\u00e3o Parlamentar de Inqu\u00e9rito (CPI) que investigar\u00e1 as a\u00e7\u00f5es e omiss\u00f5es do governo de Jair Bolsonaro diante da crise decorrente da pandemia de Covid-19, assim como o encaminhamento das verbas destinadas a estados e munic\u00edpios diante ao longo deste per\u00edodo. E os nomes listados fazem crescer a expectativa de alto tom cr\u00edtico na condu\u00e7\u00e3o dos trabalhos.<\/p>\n\n\n\n<p>O senador Renan Calheiros (MDB), na foto, ser\u00e1 o relator, enquanto Osmar Aziz (PSD) e Randolfe Rodrigues (Sustentabilidade), na foto, assumem presid\u00eancia e vice-presid\u00eancia da comiss\u00e3o, respectivamente. Rodrigues e Calheiros t\u00eam sido nomes que pressionam diversos calos de Bolsonaro na presid\u00eancia. Enquanto o vice-presidente foi o relator do pedido de abertura da CPI, o relator da comiss\u00e3o \u00e9 defensor de que se investiguem a conduta do governo federal pelo cen\u00e1rio de altos n\u00fameros de casos e mortes por coronav\u00edrus no Pa\u00eds. Calheiros contou com amplo apoio dos integrantes da comiss\u00e3o.<\/p>\n\n\n\n<p>Tamb\u00e9m est\u00e3o na composi\u00e7\u00e3o da CPI, no total de 11 senadores titulares, da Covid-19 dois parlamentares do Cear\u00e1: Tasso Jereissati (PSDB) e Eduardo GIr\u00e3o (Podemos). Ambos est\u00e3o na ala independente do Senado (oficialmente fora da base e da oposi\u00e7\u00e3o).<\/p>\n\n\n\n<figure class=\"wp-block-image size-large\"><img loading=\"lazy\" decoding=\"async\" width=\"679\" height=\"452\" src=\"https:\/\/blogdorogeriogomes.com.br\/wp-content\/uploads\/2021\/04\/images-35.jpeg\" alt=\"\" class=\"wp-image-20861\" srcset=\"https:\/\/blogdorogeriogomes.com.br\/noticias\/wp-content\/uploads\/2021\/04\/images-35.jpeg 679w, https:\/\/blogdorogeriogomes.com.br\/noticias\/wp-content\/uploads\/2021\/04\/images-35-300x200.jpeg 300w\" sizes=\"auto, (max-width: 679px) 100vw, 679px\" \/><\/figure>\n","protected":false},"excerpt":{"rendered":"<p>O Senado Federal definiu, nesta sexta-feira, dia 16 de abril, o acordo para a composi\u00e7\u00e3o dos cargos de comando da Comiss\u00e3o Parlamentar de Inqu\u00e9rito (CPI) que investigar\u00e1 as a\u00e7\u00f5es e omiss\u00f5es do governo de Jair Bolsonaro diante da crise decorrente da pandemia de Covid-19, assim como o encaminhamento das verbas destinadas a estados e munic\u00edpios diante ao longo deste per\u00edodo. E os nomes listados fazem crescer a expectativa de alto tom cr\u00edtico na condu\u00e7\u00e3o dos trabalhos. O senador Renan&hellip;<\/p>\n","protected":false},"author":1,"featured_media":20861,"comment_status":"open","ping_status":"open","sticky":false,"template":"","format":"standard","meta":{"footnotes":""},"categories":[1],"tags":[],"class_list":["post-20860","post","type-post","status-publish","format-standard","has-post-thumbnail","hentry","category-noticias"],"_links":{"self":[{"href":"https:\/\/blogdorogeriogomes.com.br\/noticias\/wp-json\/wp\/v2\/posts\/20860","targetHints":{"allow":["GET"]}}],"collection":[{"href":"https:\/\/blogdorogeriogomes.com.br\/noticias\/wp-json\/wp\/v2\/posts"}],"about":[{"href":"https:\/\/blogdorogeriogomes.com.br\/noticias\/wp-json\/wp\/v2\/types\/post"}],"author":[{"embeddable":true,"href":"https:\/\/blogdorogeriogomes.com.br\/noticias\/wp-json\/wp\/v2\/users\/1"}],"replies":[{"embeddable":true,"href":"https:\/\/blogdorogeriogomes.com.br\/noticias\/wp-json\/wp\/v2\/comments?post=20860"}],"version-history":[{"count":1,"href":"https:\/\/blogdorogeriogomes.com.br\/noticias\/wp-json\/wp\/v2\/posts\/20860\/revisions"}],"predecessor-version":[{"id":20862,"href":"https:\/\/blogdorogeriogomes.com.br\/noticias\/wp-json\/wp\/v2\/posts\/20860\/revisions\/20862"}],"wp:featuredmedia":[{"embeddable":true,"href":"https:\/\/blogdorogeriogomes.com.br\/noticias\/wp-json\/wp\/v2\/media\/20861"}],"wp:attachment":[{"href":"https:\/\/blogdorogeriogomes.com.br\/noticias\/wp-json\/wp\/v2\/media?parent=20860"}],"wp:term":[{"taxonomy":"category","embeddable":true,"href":"https:\/\/blogdorogeriogomes.com.br\/noticias\/wp-json\/wp\/v2\/categories?post=20860"},{"taxonomy":"post_tag","embeddable":true,"href":"https:\/\/blogdorogeriogomes.com.br\/noticias\/wp-json\/wp\/v2\/tags?post=20860"}],"curies":[{"name":"wp","href":"https:\/\/api.w.org\/{rel}","templated":true}]}}