{"id":20863,"date":"2021-04-16T20:06:59","date_gmt":"2021-04-16T20:06:59","guid":{"rendered":"https:\/\/blogdorogeriogomes.com.br\/?p=20863"},"modified":"2021-04-19T20:53:01","modified_gmt":"2021-04-19T20:53:01","slug":"prefeito-jose-sarto-dispara-contra-bolsonaro-em-entrevista-a-cnn-internacional-o-brasil-precisa-de-um-lider-de-verdade","status":"publish","type":"post","link":"https:\/\/blogdorogeriogomes.com.br\/noticias\/2021\/04\/prefeito-jose-sarto-dispara-contra-bolsonaro-em-entrevista-a-cnn-internacional-o-brasil-precisa-de-um-lider-de-verdade\/","title":{"rendered":"Prefeito Jos\u00e9 Sarto dispara contra Bolsonaro em entrevista \u00e0 CNN Internacional: &#8220;O Brasil precisa de um l\u00edder de verdade&#8221;"},"content":{"rendered":"\n<p>O prefeito de Fortaleza, Jos\u00e9 Sarto (PDT), disparou contra o presidente Jair Bolsonaro diante do fracasso do Governo Federal no combate \u00e0 pandemia da Covid-19. Sarto concedeu entrevista exclusiva na manh\u00e3 desta sexta-feira, dia 16 de abril, \u00e0 CNN Internacional criticou a postura do Governo Federal diante da escalada da doen\u00e7a no Pa\u00eds e declarou \u00e0 rede de TV americana que o Brasil precisa de um l\u00edder de verdade.<\/p>\n\n\n\n<p>&#8220;Acho que voc\u00ea sabe que nosso presidente tem uma posi\u00e7\u00e3o pol\u00edtica. Ele \u00e9 o \u00fanico l\u00edder no mundo que n\u00e3o concorda com isolamento, com lockdown. Ele \u00e9 contra as vacinas. No in\u00edcio da pandemia, disse que a Covid era apenas uma \u2018gripezinha\u2019. Disse que as vacinas n\u00e3o deveriam ser compradas. E a posi\u00e7\u00e3o dele est\u00e1 causando muita confus\u00e3o e desinforma\u00e7\u00e3o pelo Brasil. Ele n\u00e3o usa m\u00e1scara, pra onde ele vai \u00e9 sem m\u00e1scara. Ele mesmo promove encontros e aglomera\u00e7\u00f5es. Esse n\u00e3o \u00e9 o comportamento que a gente espera de um l\u00edder. O que o Brasil precisa realmente \u00e9 um l\u00edder de verdade\u201d, relatou Sarto em conversa ao vivo com a jornalista Becky Anderson.<\/p>\n\n\n\n<p>Segundo Sarto, a aus\u00eancia de uma lideran\u00e7a nacional no enfrentamento \u00e0 pandemia levou \u00e0 cria\u00e7\u00e3o de um cons\u00f3rcio pela Frente Nacional de Prefeitos para buscar outras formas de adquirir vacinas e acelerar o processo de imuniza\u00e7\u00e3o no Pa\u00eds. &#8220;Tenho certeza que o mundo todo sabe, as decis\u00f5es dele est\u00e3o completamente ligadas a uma vis\u00e3o pol\u00edtica. Mas isso n\u00e3o pode ser assim. Estamos lidando com uma quest\u00e3o de vida, a vida das pessoas. Por isso, a gente est\u00e1 t\u00e3o preocupado. Os prefeitos do Brasil criaram esse cons\u00f3rcio pra tentar comprar suprimentos m\u00e9dicos e vacinas&#8221;.<\/p>\n\n\n\n<p>Questionado pela jornalista da rede americana sobre a decis\u00e3o de v\u00e1rios pa\u00edses de fechar as fronteiras para a entrada de brasileiros, Sarto, que m\u00e9dico, lamentou, mas respondeu que entende as motiva\u00e7\u00f5es.<\/p>\n\n\n\n<p>&#8220;Eu acho que esses pa\u00edses t\u00eam suas raz\u00f5es e eu n\u00e3o os culpo. Porque a ger\u00eancia da crise aqui est\u00e1 muito distante do que a gente precisaria. Tenho certeza que voc\u00ea sabe que essa variante daqui est\u00e1 se espalhando em uma velocidade que a gente n\u00e3o pode controlar. Recentemente at\u00e9 a Fran\u00e7a fez uma piada com o tratamento com cloroquina, constantemente defendido pelo presidente, principalmente no in\u00edcio da pandemia. Ent\u00e3o, infelizmente, o Brasil se transformou no epicentro da Covid-19 no mundo. \u00c9 uma pena pra gente constatar isso, mas precisamos ver isso como \u00e9, \u00e9 uma realidade&#8221;.<\/p>\n\n\n\n<p>Prefeito da quinta capital do Pa\u00eds, Sarto ressaltou ainda que a articula\u00e7\u00e3o nacional de gestores municipais n\u00e3o tem vi\u00e9s ideol\u00f3gico. &#8220;N\u00e3o \u00e9 pol\u00edtica, a gente s\u00f3 quer tentar salvar vidas. Porque \u00e9 a obriga\u00e7\u00e3o da minha fun\u00e7\u00e3o como prefeito. Minha e dos demais. Porque a gente representa junto mais de 150 milh\u00f5es de brasileiros. Representamos todas as capitais do Brasil. O que estamos tentando fazer, al\u00e9m de discutir pol\u00edticas, mas discutir a sa\u00fade e como lidar melhor com a pandemia da Covid-19&#8221;.<\/p>\n\n\n\n<figure class=\"wp-block-image size-large\"><img loading=\"lazy\" decoding=\"async\" width=\"1024\" height=\"759\" src=\"https:\/\/blogdorogeriogomes.com.br\/wp-content\/uploads\/2021\/04\/IMG-20210416-WA0117.jpg\" alt=\"\" class=\"wp-image-20864\" srcset=\"https:\/\/blogdorogeriogomes.com.br\/noticias\/wp-content\/uploads\/2021\/04\/IMG-20210416-WA0117.jpg 1024w, https:\/\/blogdorogeriogomes.com.br\/noticias\/wp-content\/uploads\/2021\/04\/IMG-20210416-WA0117-300x222.jpg 300w, https:\/\/blogdorogeriogomes.com.br\/noticias\/wp-content\/uploads\/2021\/04\/IMG-20210416-WA0117-768x569.jpg 768w, https:\/\/blogdorogeriogomes.com.br\/noticias\/wp-content\/uploads\/2021\/04\/IMG-20210416-WA0117-800x593.jpg 800w\" sizes=\"auto, (max-width: 1024px) 100vw, 1024px\" \/><\/figure>\n","protected":false},"excerpt":{"rendered":"<p>O prefeito de Fortaleza, Jos\u00e9 Sarto (PDT), disparou contra o presidente Jair Bolsonaro diante do fracasso do Governo Federal no combate \u00e0 pandemia da Covid-19. Sarto concedeu entrevista exclusiva na manh\u00e3 desta sexta-feira, dia 16 de abril, \u00e0 CNN Internacional criticou a postura do Governo Federal diante da escalada da doen\u00e7a no Pa\u00eds e declarou \u00e0 rede de TV americana que o Brasil precisa de um l\u00edder de verdade. &#8220;Acho que voc\u00ea sabe que nosso presidente tem uma posi\u00e7\u00e3o&hellip;<\/p>\n","protected":false},"author":1,"featured_media":20864,"comment_status":"open","ping_status":"open","sticky":false,"template":"","format":"standard","meta":{"footnotes":""},"categories":[1],"tags":[],"class_list":["post-20863","post","type-post","status-publish","format-standard","has-post-thumbnail","hentry","category-noticias"],"_links":{"self":[{"href":"https:\/\/blogdorogeriogomes.com.br\/noticias\/wp-json\/wp\/v2\/posts\/20863","targetHints":{"allow":["GET"]}}],"collection":[{"href":"https:\/\/blogdorogeriogomes.com.br\/noticias\/wp-json\/wp\/v2\/posts"}],"about":[{"href":"https:\/\/blogdorogeriogomes.com.br\/noticias\/wp-json\/wp\/v2\/types\/post"}],"author":[{"embeddable":true,"href":"https:\/\/blogdorogeriogomes.com.br\/noticias\/wp-json\/wp\/v2\/users\/1"}],"replies":[{"embeddable":true,"href":"https:\/\/blogdorogeriogomes.com.br\/noticias\/wp-json\/wp\/v2\/comments?post=20863"}],"version-history":[{"count":1,"href":"https:\/\/blogdorogeriogomes.com.br\/noticias\/wp-json\/wp\/v2\/posts\/20863\/revisions"}],"predecessor-version":[{"id":20865,"href":"https:\/\/blogdorogeriogomes.com.br\/noticias\/wp-json\/wp\/v2\/posts\/20863\/revisions\/20865"}],"wp:featuredmedia":[{"embeddable":true,"href":"https:\/\/blogdorogeriogomes.com.br\/noticias\/wp-json\/wp\/v2\/media\/20864"}],"wp:attachment":[{"href":"https:\/\/blogdorogeriogomes.com.br\/noticias\/wp-json\/wp\/v2\/media?parent=20863"}],"wp:term":[{"taxonomy":"category","embeddable":true,"href":"https:\/\/blogdorogeriogomes.com.br\/noticias\/wp-json\/wp\/v2\/categories?post=20863"},{"taxonomy":"post_tag","embeddable":true,"href":"https:\/\/blogdorogeriogomes.com.br\/noticias\/wp-json\/wp\/v2\/tags?post=20863"}],"curies":[{"name":"wp","href":"https:\/\/api.w.org\/{rel}","templated":true}]}}