{"id":20869,"date":"2021-04-17T09:19:55","date_gmt":"2021-04-17T09:19:55","guid":{"rendered":"https:\/\/blogdorogeriogomes.com.br\/?p=20869"},"modified":"2021-04-19T20:52:13","modified_gmt":"2021-04-19T20:52:13","slug":"medidas-restritivas-tem-ajudado-a-reduzir-novos-casos-da-covid-19-em-fortaleza","status":"publish","type":"post","link":"https:\/\/blogdorogeriogomes.com.br\/noticias\/2021\/04\/medidas-restritivas-tem-ajudado-a-reduzir-novos-casos-da-covid-19-em-fortaleza\/","title":{"rendered":"Medidas restritivas t\u00eam ajudado a reduzir novos casos da Covid-19 em Fortaleza"},"content":{"rendered":"\n<p>Dados da Secretaria Municipal de Sa\u00fade (SMS) revelam que Fortaleza tem hoje 186.663 casos confirmados de Covid-19 e 7.161 \u00f3bitos provocados pela doen\u00e7a. Mas nas \u00faltimas quatro semanas, quando funcionaram as medidas de isolamento r\u00edgido, a Capital teve uma redu\u00e7\u00e3o na m\u00e9dia m\u00f3vel de novos casos. Na Capital, a m\u00e9dia m\u00f3vel, estimada hoje, de 363,6 casos \u00e9 57% menor que a registrada h\u00e1 duas semanas, que foi de 839,3 casos. O Cear\u00e1 contabiliza&nbsp;609.849 casos acumulados e 16.075&nbsp;mortes por Covid-19.<\/p>\n\n\n\n<p>Ap\u00f3s o relaxamento de algumas medidas restritivas pelo Governo do Estado no meio de semana, o Cear\u00e1 volta ao sistema de isolamento r\u00edgido, neste s\u00e1bado, dia 17 de abril, e domingo, dia 18.<\/p>\n\n\n\n<p>Em cinco munic\u00edpios do Cear\u00e1, o isolamento r\u00edgido foi mantido mesmo no meio da semana por determina\u00e7\u00e3o das suas respectivas prefeituras, por causa da taxa de transmiss\u00e3o continuar alta e com ocupa\u00e7\u00e3o m\u00e1xima de leitos hospitalares. \u00c9 a situa\u00e7\u00e3o de Capistrano, Baturit\u00e9 e Pacoti, na regi\u00e3o do Maci\u00e7o de Baturit\u00e9; e Antonina do Norte e Santana do Cariri, na Regi\u00e3o do Cariri.<\/p>\n\n\n\n<figure class=\"wp-block-image size-large\"><img loading=\"lazy\" decoding=\"async\" width=\"679\" height=\"452\" src=\"https:\/\/blogdorogeriogomes.com.br\/wp-content\/uploads\/2021\/04\/images-36.jpeg\" alt=\"\" class=\"wp-image-20870\" srcset=\"https:\/\/blogdorogeriogomes.com.br\/noticias\/wp-content\/uploads\/2021\/04\/images-36.jpeg 679w, https:\/\/blogdorogeriogomes.com.br\/noticias\/wp-content\/uploads\/2021\/04\/images-36-300x200.jpeg 300w\" sizes=\"auto, (max-width: 679px) 100vw, 679px\" \/><\/figure>\n\n\n\n<p><\/p>\n","protected":false},"excerpt":{"rendered":"<p>Dados da Secretaria Municipal de Sa\u00fade (SMS) revelam que Fortaleza tem hoje 186.663 casos confirmados de Covid-19 e 7.161 \u00f3bitos provocados pela doen\u00e7a. Mas nas \u00faltimas quatro semanas, quando funcionaram as medidas de isolamento r\u00edgido, a Capital teve uma redu\u00e7\u00e3o na m\u00e9dia m\u00f3vel de novos casos. Na Capital, a m\u00e9dia m\u00f3vel, estimada hoje, de 363,6 casos \u00e9 57% menor que a registrada h\u00e1 duas semanas, que foi de 839,3 casos. O Cear\u00e1 contabiliza&nbsp;609.849 casos acumulados e 16.075&nbsp;mortes por Covid-19.&hellip;<\/p>\n","protected":false},"author":1,"featured_media":20870,"comment_status":"open","ping_status":"open","sticky":false,"template":"","format":"standard","meta":{"footnotes":""},"categories":[1],"tags":[],"class_list":["post-20869","post","type-post","status-publish","format-standard","has-post-thumbnail","hentry","category-noticias"],"_links":{"self":[{"href":"https:\/\/blogdorogeriogomes.com.br\/noticias\/wp-json\/wp\/v2\/posts\/20869","targetHints":{"allow":["GET"]}}],"collection":[{"href":"https:\/\/blogdorogeriogomes.com.br\/noticias\/wp-json\/wp\/v2\/posts"}],"about":[{"href":"https:\/\/blogdorogeriogomes.com.br\/noticias\/wp-json\/wp\/v2\/types\/post"}],"author":[{"embeddable":true,"href":"https:\/\/blogdorogeriogomes.com.br\/noticias\/wp-json\/wp\/v2\/users\/1"}],"replies":[{"embeddable":true,"href":"https:\/\/blogdorogeriogomes.com.br\/noticias\/wp-json\/wp\/v2\/comments?post=20869"}],"version-history":[{"count":2,"href":"https:\/\/blogdorogeriogomes.com.br\/noticias\/wp-json\/wp\/v2\/posts\/20869\/revisions"}],"predecessor-version":[{"id":20888,"href":"https:\/\/blogdorogeriogomes.com.br\/noticias\/wp-json\/wp\/v2\/posts\/20869\/revisions\/20888"}],"wp:featuredmedia":[{"embeddable":true,"href":"https:\/\/blogdorogeriogomes.com.br\/noticias\/wp-json\/wp\/v2\/media\/20870"}],"wp:attachment":[{"href":"https:\/\/blogdorogeriogomes.com.br\/noticias\/wp-json\/wp\/v2\/media?parent=20869"}],"wp:term":[{"taxonomy":"category","embeddable":true,"href":"https:\/\/blogdorogeriogomes.com.br\/noticias\/wp-json\/wp\/v2\/categories?post=20869"},{"taxonomy":"post_tag","embeddable":true,"href":"https:\/\/blogdorogeriogomes.com.br\/noticias\/wp-json\/wp\/v2\/tags?post=20869"}],"curies":[{"name":"wp","href":"https:\/\/api.w.org\/{rel}","templated":true}]}}