{"id":20872,"date":"2021-04-17T09:51:31","date_gmt":"2021-04-17T09:51:31","guid":{"rendered":"https:\/\/blogdorogeriogomes.com.br\/?p=20872"},"modified":"2021-04-19T20:52:04","modified_gmt":"2021-04-19T20:52:04","slug":"sem-uma-coordenacao-nacional-governadores-apelam-a-onu-por-mais-vacinas-e-kit-intubacao","status":"publish","type":"post","link":"https:\/\/blogdorogeriogomes.com.br\/noticias\/2021\/04\/sem-uma-coordenacao-nacional-governadores-apelam-a-onu-por-mais-vacinas-e-kit-intubacao\/","title":{"rendered":"Sem uma coordena\u00e7\u00e3o nacional, governadores apelam a ONU por mais vacinas e kit intuba\u00e7\u00e3o"},"content":{"rendered":"\n<p>A paci\u00eancia dos governadores com a falta de uma coordena\u00e7\u00e3o nacional do Minist\u00e9rio da Sa\u00fade no enfrentamento \u00e0 pandemia se esgotou. Nesta sexta-feira, dia 16 de abril, governadores apelaram a Organiza\u00e7\u00e3o das Na\u00e7\u00f5es Unidas (ONU) por ajuda humanit\u00e1ria para conseguir mais vacinas e kits de intuba\u00e7\u00e3o para os hospitais. O pedido foi feito em reuni\u00e3o por meio de videoconfer\u00eancia com a secret\u00e1ria-geral adjunta da ONU, Amina Mohamed.<\/p>\n\n\n\n<p>&#8220;Desde o come\u00e7o, n\u00f3s colocamos claramente: &#8216;N\u00f3s queremos o presidente da Rep\u00fablica, queremos o ministro da Sa\u00fade na coordena\u00e7\u00e3o nacional&#8217;. O que esperamos? O presidente da Rep\u00fablica fazer essa rela\u00e7\u00e3o. Por que n\u00f3s estamos indo \u00e0 ONU? Porque o presidente da Rep\u00fablica, que era para ir, n\u00e3o foi. N\u00f3s estamos buscando&#8221;, disse o governador do Piau\u00ed, Wellington Dias, coordenador do F\u00f3rum de Governadores.<\/p>\n\n\n\n<p>Ele acrescentou que n\u00e3o h\u00e1 outra alternativa para estados e prefeituras, sen\u00e3o buscar apoio em organismos internacionais diante do caos sanit\u00e1rio. \u201cS\u00e3o 11 estados em que pacientes est\u00e3o internados e faltam analg\u00e9sicos, sedativos, em alguns lugares oxig\u00eanio. Ou seja, h\u00e1 necessidade de a ONU dar essa ajuda humanit\u00e1ria nessa dire\u00e7\u00e3o\u201d, refor\u00e7ou Wellington Dias.<\/p>\n\n\n\n<figure class=\"wp-block-image size-large\"><img loading=\"lazy\" decoding=\"async\" width=\"640\" height=\"480\" src=\"https:\/\/blogdorogeriogomes.com.br\/wp-content\/uploads\/2021\/04\/images-37.jpeg\" alt=\"\" class=\"wp-image-20873\" srcset=\"https:\/\/blogdorogeriogomes.com.br\/noticias\/wp-content\/uploads\/2021\/04\/images-37.jpeg 640w, https:\/\/blogdorogeriogomes.com.br\/noticias\/wp-content\/uploads\/2021\/04\/images-37-300x225.jpeg 300w, https:\/\/blogdorogeriogomes.com.br\/noticias\/wp-content\/uploads\/2021\/04\/images-37-400x300.jpeg 400w\" sizes=\"auto, (max-width: 640px) 100vw, 640px\" \/><\/figure>\n","protected":false},"excerpt":{"rendered":"<p>A paci\u00eancia dos governadores com a falta de uma coordena\u00e7\u00e3o nacional do Minist\u00e9rio da Sa\u00fade no enfrentamento \u00e0 pandemia se esgotou. Nesta sexta-feira, dia 16 de abril, governadores apelaram a Organiza\u00e7\u00e3o das Na\u00e7\u00f5es Unidas (ONU) por ajuda humanit\u00e1ria para conseguir mais vacinas e kits de intuba\u00e7\u00e3o para os hospitais. O pedido foi feito em reuni\u00e3o por meio de videoconfer\u00eancia com a secret\u00e1ria-geral adjunta da ONU, Amina Mohamed. &#8220;Desde o come\u00e7o, n\u00f3s colocamos claramente: &#8216;N\u00f3s queremos o presidente da Rep\u00fablica,&hellip;<\/p>\n","protected":false},"author":1,"featured_media":20873,"comment_status":"open","ping_status":"open","sticky":false,"template":"","format":"standard","meta":{"footnotes":""},"categories":[1],"tags":[],"class_list":["post-20872","post","type-post","status-publish","format-standard","has-post-thumbnail","hentry","category-noticias"],"_links":{"self":[{"href":"https:\/\/blogdorogeriogomes.com.br\/noticias\/wp-json\/wp\/v2\/posts\/20872","targetHints":{"allow":["GET"]}}],"collection":[{"href":"https:\/\/blogdorogeriogomes.com.br\/noticias\/wp-json\/wp\/v2\/posts"}],"about":[{"href":"https:\/\/blogdorogeriogomes.com.br\/noticias\/wp-json\/wp\/v2\/types\/post"}],"author":[{"embeddable":true,"href":"https:\/\/blogdorogeriogomes.com.br\/noticias\/wp-json\/wp\/v2\/users\/1"}],"replies":[{"embeddable":true,"href":"https:\/\/blogdorogeriogomes.com.br\/noticias\/wp-json\/wp\/v2\/comments?post=20872"}],"version-history":[{"count":1,"href":"https:\/\/blogdorogeriogomes.com.br\/noticias\/wp-json\/wp\/v2\/posts\/20872\/revisions"}],"predecessor-version":[{"id":20874,"href":"https:\/\/blogdorogeriogomes.com.br\/noticias\/wp-json\/wp\/v2\/posts\/20872\/revisions\/20874"}],"wp:featuredmedia":[{"embeddable":true,"href":"https:\/\/blogdorogeriogomes.com.br\/noticias\/wp-json\/wp\/v2\/media\/20873"}],"wp:attachment":[{"href":"https:\/\/blogdorogeriogomes.com.br\/noticias\/wp-json\/wp\/v2\/media?parent=20872"}],"wp:term":[{"taxonomy":"category","embeddable":true,"href":"https:\/\/blogdorogeriogomes.com.br\/noticias\/wp-json\/wp\/v2\/categories?post=20872"},{"taxonomy":"post_tag","embeddable":true,"href":"https:\/\/blogdorogeriogomes.com.br\/noticias\/wp-json\/wp\/v2\/tags?post=20872"}],"curies":[{"name":"wp","href":"https:\/\/api.w.org\/{rel}","templated":true}]}}