{"id":20875,"date":"2021-04-17T15:19:54","date_gmt":"2021-04-17T15:19:54","guid":{"rendered":"https:\/\/blogdorogeriogomes.com.br\/?p=20875"},"modified":"2021-04-19T20:51:53","modified_gmt":"2021-04-19T20:51:53","slug":"governo-do-ceara-renova-decreto-e-permite-atividades-fisicas-em-espacos-publicos","status":"publish","type":"post","link":"https:\/\/blogdorogeriogomes.com.br\/noticias\/2021\/04\/governo-do-ceara-renova-decreto-e-permite-atividades-fisicas-em-espacos-publicos\/","title":{"rendered":"Governo do Cear\u00e1 renova decreto e permite atividades f\u00edsicas em espa\u00e7os p\u00fablicos"},"content":{"rendered":"\n<p>As atividades f\u00edsicas individuais em espa\u00e7os p\u00fablicos voltam a ser permitidas a partir desta segunda-feira, dia 19 de abril, quando passa a valer o novo decreto governamental de enfrentamento \u00e0 Covid-19. O governador do Cear\u00e1, Camilo Santana, confirmou a renova\u00e7\u00e3o do decreto com as atuais regras vigentes, neste s\u00e1bado, dia 17. Est\u00e3o permitidas algumas atividades na semana como com\u00e9rcio, restaurantes, ind\u00fastria e escolas com capacidade reduzida e medidas sanit\u00e1rias, al\u00e9m dos servi\u00e7os essenciais. O isolamento r\u00edgido continua sendo cumprido aos s\u00e1bados e domingos.<\/p>\n\n\n\n<p>O governador Camilo Santana e o secret\u00e1rio de Sa\u00fade do Estado, Dr. Cabeto, apresentaram gr\u00e1ficos durante a live nas redes sociais com redu\u00e7\u00e3o no n\u00famero de casos e de interna\u00e7\u00f5es de pacientes com o coronav\u00edrus nas unidades de sa\u00fade p\u00fablica do Estado. &#8220;Se essa tend\u00eancia permanecer ao longo da semana, teremos condi\u00e7\u00f5es de avaliar novas aberturas da economia na pr\u00f3xima reuni\u00e3o do Comit\u00ea da Covid-19&#8221;, ressaltou Camilo Santana. A previs\u00e3o \u00e9 que o comit\u00ea volte a fazer uma nova avalia\u00e7\u00e3o na pr\u00f3xima sexta-feira, dia 23 de abril.<\/p>\n\n\n\n<figure class=\"wp-block-image size-large\"><img loading=\"lazy\" decoding=\"async\" width=\"738\" height=\"415\" src=\"https:\/\/blogdorogeriogomes.com.br\/wp-content\/uploads\/2021\/04\/images-38.jpeg\" alt=\"\" class=\"wp-image-20876\" srcset=\"https:\/\/blogdorogeriogomes.com.br\/noticias\/wp-content\/uploads\/2021\/04\/images-38.jpeg 738w, https:\/\/blogdorogeriogomes.com.br\/noticias\/wp-content\/uploads\/2021\/04\/images-38-300x169.jpeg 300w\" sizes=\"auto, (max-width: 738px) 100vw, 738px\" \/><\/figure>\n","protected":false},"excerpt":{"rendered":"<p>As atividades f\u00edsicas individuais em espa\u00e7os p\u00fablicos voltam a ser permitidas a partir desta segunda-feira, dia 19 de abril, quando passa a valer o novo decreto governamental de enfrentamento \u00e0 Covid-19. O governador do Cear\u00e1, Camilo Santana, confirmou a renova\u00e7\u00e3o do decreto com as atuais regras vigentes, neste s\u00e1bado, dia 17. Est\u00e3o permitidas algumas atividades na semana como com\u00e9rcio, restaurantes, ind\u00fastria e escolas com capacidade reduzida e medidas sanit\u00e1rias, al\u00e9m dos servi\u00e7os essenciais. O isolamento r\u00edgido continua sendo cumprido&hellip;<\/p>\n","protected":false},"author":1,"featured_media":20876,"comment_status":"open","ping_status":"open","sticky":false,"template":"","format":"standard","meta":{"footnotes":""},"categories":[1],"tags":[],"class_list":["post-20875","post","type-post","status-publish","format-standard","has-post-thumbnail","hentry","category-noticias"],"_links":{"self":[{"href":"https:\/\/blogdorogeriogomes.com.br\/noticias\/wp-json\/wp\/v2\/posts\/20875","targetHints":{"allow":["GET"]}}],"collection":[{"href":"https:\/\/blogdorogeriogomes.com.br\/noticias\/wp-json\/wp\/v2\/posts"}],"about":[{"href":"https:\/\/blogdorogeriogomes.com.br\/noticias\/wp-json\/wp\/v2\/types\/post"}],"author":[{"embeddable":true,"href":"https:\/\/blogdorogeriogomes.com.br\/noticias\/wp-json\/wp\/v2\/users\/1"}],"replies":[{"embeddable":true,"href":"https:\/\/blogdorogeriogomes.com.br\/noticias\/wp-json\/wp\/v2\/comments?post=20875"}],"version-history":[{"count":1,"href":"https:\/\/blogdorogeriogomes.com.br\/noticias\/wp-json\/wp\/v2\/posts\/20875\/revisions"}],"predecessor-version":[{"id":20877,"href":"https:\/\/blogdorogeriogomes.com.br\/noticias\/wp-json\/wp\/v2\/posts\/20875\/revisions\/20877"}],"wp:featuredmedia":[{"embeddable":true,"href":"https:\/\/blogdorogeriogomes.com.br\/noticias\/wp-json\/wp\/v2\/media\/20876"}],"wp:attachment":[{"href":"https:\/\/blogdorogeriogomes.com.br\/noticias\/wp-json\/wp\/v2\/media?parent=20875"}],"wp:term":[{"taxonomy":"category","embeddable":true,"href":"https:\/\/blogdorogeriogomes.com.br\/noticias\/wp-json\/wp\/v2\/categories?post=20875"},{"taxonomy":"post_tag","embeddable":true,"href":"https:\/\/blogdorogeriogomes.com.br\/noticias\/wp-json\/wp\/v2\/tags?post=20875"}],"curies":[{"name":"wp","href":"https:\/\/api.w.org\/{rel}","templated":true}]}}