{"id":20882,"date":"2021-04-19T19:22:42","date_gmt":"2021-04-19T19:22:42","guid":{"rendered":"https:\/\/blogdorogeriogomes.com.br\/?p=20882"},"modified":"2021-04-19T20:51:35","modified_gmt":"2021-04-19T20:51:35","slug":"fortaleza-ja-aplicou-mais-de-530-mil-doses-e-se-aproxima-da-terceira-etapa-da-vacinacao-contra-covid-19","status":"publish","type":"post","link":"https:\/\/blogdorogeriogomes.com.br\/noticias\/2021\/04\/fortaleza-ja-aplicou-mais-de-530-mil-doses-e-se-aproxima-da-terceira-etapa-da-vacinacao-contra-covid-19\/","title":{"rendered":"Fortaleza j\u00e1 aplicou mais de 530 mil doses e se aproxima da terceira etapa da vacina\u00e7\u00e3o contra Covid-19"},"content":{"rendered":"\n<p>Do in\u00edcio da imuniza\u00e7\u00e3o contra a Covid-19 at\u00e9 esta segunda-feira, dia 19 de abril, 534.640 mil doses das vacinas dispon\u00edveis j\u00e1 foram aplicadas nos grupos priorit\u00e1rios em Fortaleza. Mediante agendamento, 377.611 pessoas receberam aplica\u00e7\u00e3o da primeira dose, das quais 157.029 tamb\u00e9m tomaram a segunda dose no tempo adequado. As informa\u00e7\u00f5es s\u00e3o da Secretaria Municipal da Sa\u00fade (SMS).<\/p>\n\n\n\n<p>Ainda segundo a SMS, faltam 50 mil doses para que a capital cearense possa iniciar a terceira etapa da vacina\u00e7\u00e3o, incluindo a popula\u00e7\u00e3o com comorbidades (doen\u00e7as renais cr\u00f4nicas, cardiovasculares, respirat\u00f3rias, hipertens\u00e3o, obesidade, dentre outras). J\u00e1 foram vacinados 82.165 trabalhadores da sa\u00fade (66,9% da meta) e 191.655 idosos de 60 a 94 anos (74,8% da meta). Al\u00e9m destes grupos, tamb\u00e9m receberam a vacina 1.913 profissionais das for\u00e7as de seguran\u00e7a p\u00fablica.<\/p>\n\n\n\n<p>E aos que perderam a data de vacina\u00e7\u00e3o agendada, a Prefeitura de Fortaleza oferta nesta segunda-feira, dia 19 de abril, e ter\u00e7a-feira, dia 20, de 9 \u00e0s 17 horas, uma segunda chamada para recebimento de primeira ou segunda dose. As aplica\u00e7\u00f5es ocorrem nos Cucas Jos\u00e9 Walter, Mondubim, Jangurussu e Barra do Cear\u00e1. S\u00e3o recebidos idosos entre 61 e 74 anos. \u00c9 necess\u00e1rio levar a comprova\u00e7\u00e3o do agendamento pr\u00e9vio, documento de identidade com foto, CPF e comprovante de resid\u00eancia.<\/p>\n\n\n\n<figure class=\"wp-block-image size-large\"><img loading=\"lazy\" decoding=\"async\" width=\"678\" height=\"452\" src=\"https:\/\/blogdorogeriogomes.com.br\/wp-content\/uploads\/2021\/04\/images-40.jpeg\" alt=\"\" class=\"wp-image-20883\" srcset=\"https:\/\/blogdorogeriogomes.com.br\/noticias\/wp-content\/uploads\/2021\/04\/images-40.jpeg 678w, https:\/\/blogdorogeriogomes.com.br\/noticias\/wp-content\/uploads\/2021\/04\/images-40-300x200.jpeg 300w\" sizes=\"auto, (max-width: 678px) 100vw, 678px\" \/><\/figure>\n","protected":false},"excerpt":{"rendered":"<p>Do in\u00edcio da imuniza\u00e7\u00e3o contra a Covid-19 at\u00e9 esta segunda-feira, dia 19 de abril, 534.640 mil doses das vacinas dispon\u00edveis j\u00e1 foram aplicadas nos grupos priorit\u00e1rios em Fortaleza. Mediante agendamento, 377.611 pessoas receberam aplica\u00e7\u00e3o da primeira dose, das quais 157.029 tamb\u00e9m tomaram a segunda dose no tempo adequado. As informa\u00e7\u00f5es s\u00e3o da Secretaria Municipal da Sa\u00fade (SMS). Ainda segundo a SMS, faltam 50 mil doses para que a capital cearense possa iniciar a terceira etapa da vacina\u00e7\u00e3o, incluindo a&hellip;<\/p>\n","protected":false},"author":1,"featured_media":20883,"comment_status":"open","ping_status":"open","sticky":false,"template":"","format":"standard","meta":{"footnotes":""},"categories":[1],"tags":[],"class_list":["post-20882","post","type-post","status-publish","format-standard","has-post-thumbnail","hentry","category-noticias"],"_links":{"self":[{"href":"https:\/\/blogdorogeriogomes.com.br\/noticias\/wp-json\/wp\/v2\/posts\/20882","targetHints":{"allow":["GET"]}}],"collection":[{"href":"https:\/\/blogdorogeriogomes.com.br\/noticias\/wp-json\/wp\/v2\/posts"}],"about":[{"href":"https:\/\/blogdorogeriogomes.com.br\/noticias\/wp-json\/wp\/v2\/types\/post"}],"author":[{"embeddable":true,"href":"https:\/\/blogdorogeriogomes.com.br\/noticias\/wp-json\/wp\/v2\/users\/1"}],"replies":[{"embeddable":true,"href":"https:\/\/blogdorogeriogomes.com.br\/noticias\/wp-json\/wp\/v2\/comments?post=20882"}],"version-history":[{"count":1,"href":"https:\/\/blogdorogeriogomes.com.br\/noticias\/wp-json\/wp\/v2\/posts\/20882\/revisions"}],"predecessor-version":[{"id":20884,"href":"https:\/\/blogdorogeriogomes.com.br\/noticias\/wp-json\/wp\/v2\/posts\/20882\/revisions\/20884"}],"wp:featuredmedia":[{"embeddable":true,"href":"https:\/\/blogdorogeriogomes.com.br\/noticias\/wp-json\/wp\/v2\/media\/20883"}],"wp:attachment":[{"href":"https:\/\/blogdorogeriogomes.com.br\/noticias\/wp-json\/wp\/v2\/media?parent=20882"}],"wp:term":[{"taxonomy":"category","embeddable":true,"href":"https:\/\/blogdorogeriogomes.com.br\/noticias\/wp-json\/wp\/v2\/categories?post=20882"},{"taxonomy":"post_tag","embeddable":true,"href":"https:\/\/blogdorogeriogomes.com.br\/noticias\/wp-json\/wp\/v2\/tags?post=20882"}],"curies":[{"name":"wp","href":"https:\/\/api.w.org\/{rel}","templated":true}]}}