{"id":20885,"date":"2021-04-19T19:34:36","date_gmt":"2021-04-19T19:34:36","guid":{"rendered":"https:\/\/blogdorogeriogomes.com.br\/?p=20885"},"modified":"2021-04-19T20:51:26","modified_gmt":"2021-04-19T20:51:26","slug":"cpi-da-covid-19-deve-ser-instalada-na-quinta-feira-com-ministerio-da-saude-no-alvo-central","status":"publish","type":"post","link":"https:\/\/blogdorogeriogomes.com.br\/noticias\/2021\/04\/cpi-da-covid-19-deve-ser-instalada-na-quinta-feira-com-ministerio-da-saude-no-alvo-central\/","title":{"rendered":"CPI da Covid-19 deve ser instalada na quinta-feira com Minist\u00e9rio da Sa\u00fade no alvo central"},"content":{"rendered":"\n<p>A Comiss\u00e3o Parlamentar de Inqu\u00e9rito (CPI), criada no Senado e que investigar\u00e1 as a\u00e7\u00f5es e omiss\u00f5es do governo federal diante da pandemia da Covid-19 agravada no Pa\u00eds, deve enfim ser instalada na pr\u00f3xima quinta-feira, dia 19 de abril. E segue em sua organiza\u00e7\u00e3o dos alvos a serem apurados. Apontado para ser vice-presidente da CPI, o senador Randolfe Rodrigues (Rede) preparou lista com 18 sugest\u00f5es tem\u00e1ticas para os trabalhos. No topo dos temas est\u00e1 o Minist\u00e9rio da Sa\u00fade e o seu desempenho em meio ao descontrole no aumento de casos do coronav\u00edrus.<\/p>\n\n\n\n<p>As proposi\u00e7\u00f5es para investiga\u00e7\u00e3o envolvem o atraso na compra de vacinas, a falta de medicamentos do kit intuba\u00e7\u00e3o em todo o territ\u00f3rio nacional, a recomenda\u00e7\u00e3o de tratamento precoce, o incentivo ao consumo e distribui\u00e7\u00e3o de cloroquina, dentre outros aspectos diretamente ligados \u00e0queles que ocuparam o Minist\u00e9rio da Sa\u00fade neste governo de Jair Bolsonaro, com aten\u00e7\u00e3o maior \u00e0s omiss\u00f5es do ex-ministro e general do Ex\u00e9rcito, Eduardo Pazuello, sempre alinhado com decis\u00f5es tomadas pelo presidente.<\/p>\n\n\n\n<p>Para Randolfe Rodrigues, \u00e9 preciso &#8220;encontrar o caminho que nos leve \u00e0 verdade sobre quem s\u00e3o os respons\u00e1veis pelo genoc\u00eddio no Brasil causado pela pandemia do coronav\u00edrus&#8221;. Tamb\u00e9m ser\u00e3o apontados pelos parlamentares na CPI epis\u00f3dios como o da falta de oxig\u00eanio em Manaus, o fornecimento de m\u00e1scaras sem registro para uso em estabelecimentos de sa\u00fade, a falta de testes, fechamento de leitos em hospitais federais, problemas no mapeamento da pandemia, o caso do spray para Covid, e a transfer\u00eancia de recursos do Fundo Nacional de Sa\u00fade para estados e munic\u00edpios. A semana promete ser de mais press\u00e3o sobre a administra\u00e7\u00e3o bolsonarista.<\/p>\n\n\n\n<figure class=\"wp-block-image size-large\"><img loading=\"lazy\" decoding=\"async\" width=\"715\" height=\"429\" src=\"https:\/\/blogdorogeriogomes.com.br\/wp-content\/uploads\/2021\/04\/images-41.jpeg\" alt=\"\" class=\"wp-image-20886\" srcset=\"https:\/\/blogdorogeriogomes.com.br\/noticias\/wp-content\/uploads\/2021\/04\/images-41.jpeg 715w, https:\/\/blogdorogeriogomes.com.br\/noticias\/wp-content\/uploads\/2021\/04\/images-41-300x180.jpeg 300w\" sizes=\"auto, (max-width: 715px) 100vw, 715px\" \/><\/figure>\n","protected":false},"excerpt":{"rendered":"<p>A Comiss\u00e3o Parlamentar de Inqu\u00e9rito (CPI), criada no Senado e que investigar\u00e1 as a\u00e7\u00f5es e omiss\u00f5es do governo federal diante da pandemia da Covid-19 agravada no Pa\u00eds, deve enfim ser instalada na pr\u00f3xima quinta-feira, dia 19 de abril. E segue em sua organiza\u00e7\u00e3o dos alvos a serem apurados. Apontado para ser vice-presidente da CPI, o senador Randolfe Rodrigues (Rede) preparou lista com 18 sugest\u00f5es tem\u00e1ticas para os trabalhos. No topo dos temas est\u00e1 o Minist\u00e9rio da Sa\u00fade e o&hellip;<\/p>\n","protected":false},"author":1,"featured_media":20886,"comment_status":"open","ping_status":"open","sticky":false,"template":"","format":"standard","meta":{"footnotes":""},"categories":[1],"tags":[],"class_list":["post-20885","post","type-post","status-publish","format-standard","has-post-thumbnail","hentry","category-noticias"],"_links":{"self":[{"href":"https:\/\/blogdorogeriogomes.com.br\/noticias\/wp-json\/wp\/v2\/posts\/20885","targetHints":{"allow":["GET"]}}],"collection":[{"href":"https:\/\/blogdorogeriogomes.com.br\/noticias\/wp-json\/wp\/v2\/posts"}],"about":[{"href":"https:\/\/blogdorogeriogomes.com.br\/noticias\/wp-json\/wp\/v2\/types\/post"}],"author":[{"embeddable":true,"href":"https:\/\/blogdorogeriogomes.com.br\/noticias\/wp-json\/wp\/v2\/users\/1"}],"replies":[{"embeddable":true,"href":"https:\/\/blogdorogeriogomes.com.br\/noticias\/wp-json\/wp\/v2\/comments?post=20885"}],"version-history":[{"count":1,"href":"https:\/\/blogdorogeriogomes.com.br\/noticias\/wp-json\/wp\/v2\/posts\/20885\/revisions"}],"predecessor-version":[{"id":20887,"href":"https:\/\/blogdorogeriogomes.com.br\/noticias\/wp-json\/wp\/v2\/posts\/20885\/revisions\/20887"}],"wp:featuredmedia":[{"embeddable":true,"href":"https:\/\/blogdorogeriogomes.com.br\/noticias\/wp-json\/wp\/v2\/media\/20886"}],"wp:attachment":[{"href":"https:\/\/blogdorogeriogomes.com.br\/noticias\/wp-json\/wp\/v2\/media?parent=20885"}],"wp:term":[{"taxonomy":"category","embeddable":true,"href":"https:\/\/blogdorogeriogomes.com.br\/noticias\/wp-json\/wp\/v2\/categories?post=20885"},{"taxonomy":"post_tag","embeddable":true,"href":"https:\/\/blogdorogeriogomes.com.br\/noticias\/wp-json\/wp\/v2\/tags?post=20885"}],"curies":[{"name":"wp","href":"https:\/\/api.w.org\/{rel}","templated":true}]}}