{"id":20893,"date":"2021-04-19T23:00:00","date_gmt":"2021-04-19T23:00:00","guid":{"rendered":"https:\/\/blogdorogeriogomes.com.br\/?p=20893"},"modified":"2021-04-20T14:08:21","modified_gmt":"2021-04-20T14:08:21","slug":"fortaleza-deu-inicio-a-distribuicao-do-vale-gas-e-beneficia-mais-de-35-mil-familias","status":"publish","type":"post","link":"https:\/\/blogdorogeriogomes.com.br\/noticias\/2021\/04\/fortaleza-deu-inicio-a-distribuicao-do-vale-gas-e-beneficia-mais-de-35-mil-familias\/","title":{"rendered":"Fortaleza deu in\u00edcio a distribui\u00e7\u00e3o do vale-g\u00e1s e beneficia mais de 35 mil fam\u00edlias"},"content":{"rendered":"\n<p>A distribui\u00e7\u00e3o do vale-g\u00e1s j\u00e1 come\u00e7ou nesta segunda-feira, dia 19 de abril, em Fortaleza. Ser\u00e3o mais de 17 mil fam\u00edlias contempladas nesta primeira fase. O segundo lote deve ser entregue em maio, ao todo ser\u00e3o 35.148 fam\u00edlias beneficiadas.<br>A a\u00e7\u00e3o faz parte do pacote de medidas do Governo do Estado do Cear\u00e1, em combate a Covid-19. Para ter acesso \u00e9 preciso apresentar documento oficial com foto e comprovante de endere\u00e7o no momento da retirada do vale. Para saber se voc\u00ea tem direito ao vale-g\u00e1s e ter acesso \u00e0 data de retirada do benef\u00edcio, \u00e9 preciso consultar o link do programa, como tamb\u00e9m pelo telefone 156, informando o CPF.<br>O benef\u00edcio leva em considera\u00e7\u00e3o os seguintes crit\u00e9rios: os jovens participantes do Programa Supera\u00e7\u00e3o, benefici\u00e1rias do Cart\u00e3o Mais Inf\u00e2ncia Cear\u00e1, inseridas no Cadastro \u00danico (Cad\u00danico) e atendidas pelo Programa Bolsa Fam\u00edlia, com renda individual igual ou inferior a R$ 89,34.<br>O benef\u00edcio ser\u00e1 disponibilizado neste primeiro momento aos nascidos em janeiro e fevereiro, seguindo at\u00e9 o dia 27 de abril. O calend\u00e1rio para a entrega seguir\u00e1 no 19 de abril para nascidos em janeiro e fevereiro, dia 20 para nascidos em mar\u00e7o e abril, dia 22 para nascidos em maio e junho, dia 23 para nascidos em julho e agosto, dia 26 para nascidos em setembro e outubro e dia 27 para nascidos em novembro e dezembro.<br>Com o vale-g\u00e1s em m\u00e3os, o benefici\u00e1rio pode ir \u00e0 revenda da Nacional G\u00e1s mais pr\u00f3xima ou ligar para a revendedora e agendar a entrega em casa, sem nenhum custo. Para receber a recarga, \u00e9 preciso estar com um botij\u00e3o vazio e com o vale-g\u00e1s preenchido.<\/p>\n\n\n\n<figure class=\"wp-block-image size-large\"><img loading=\"lazy\" decoding=\"async\" width=\"739\" height=\"415\" src=\"https:\/\/blogdorogeriogomes.com.br\/wp-content\/uploads\/2021\/04\/IMG-20210419-WA0136.jpg\" alt=\"\" class=\"wp-image-20894\" srcset=\"https:\/\/blogdorogeriogomes.com.br\/noticias\/wp-content\/uploads\/2021\/04\/IMG-20210419-WA0136.jpg 739w, https:\/\/blogdorogeriogomes.com.br\/noticias\/wp-content\/uploads\/2021\/04\/IMG-20210419-WA0136-300x168.jpg 300w\" sizes=\"auto, (max-width: 739px) 100vw, 739px\" \/><\/figure>\n","protected":false},"excerpt":{"rendered":"<p>A distribui\u00e7\u00e3o do vale-g\u00e1s j\u00e1 come\u00e7ou nesta segunda-feira, dia 19 de abril, em Fortaleza. Ser\u00e3o mais de 17 mil fam\u00edlias contempladas nesta primeira fase. O segundo lote deve ser entregue em maio, ao todo ser\u00e3o 35.148 fam\u00edlias beneficiadas.A a\u00e7\u00e3o faz parte do pacote de medidas do Governo do Estado do Cear\u00e1, em combate a Covid-19. Para ter acesso \u00e9 preciso apresentar documento oficial com foto e comprovante de endere\u00e7o no momento da retirada do vale. Para saber se voc\u00ea&hellip;<\/p>\n","protected":false},"author":1,"featured_media":20894,"comment_status":"open","ping_status":"open","sticky":false,"template":"","format":"standard","meta":{"footnotes":""},"categories":[1],"tags":[],"class_list":["post-20893","post","type-post","status-publish","format-standard","has-post-thumbnail","hentry","category-noticias"],"_links":{"self":[{"href":"https:\/\/blogdorogeriogomes.com.br\/noticias\/wp-json\/wp\/v2\/posts\/20893","targetHints":{"allow":["GET"]}}],"collection":[{"href":"https:\/\/blogdorogeriogomes.com.br\/noticias\/wp-json\/wp\/v2\/posts"}],"about":[{"href":"https:\/\/blogdorogeriogomes.com.br\/noticias\/wp-json\/wp\/v2\/types\/post"}],"author":[{"embeddable":true,"href":"https:\/\/blogdorogeriogomes.com.br\/noticias\/wp-json\/wp\/v2\/users\/1"}],"replies":[{"embeddable":true,"href":"https:\/\/blogdorogeriogomes.com.br\/noticias\/wp-json\/wp\/v2\/comments?post=20893"}],"version-history":[{"count":1,"href":"https:\/\/blogdorogeriogomes.com.br\/noticias\/wp-json\/wp\/v2\/posts\/20893\/revisions"}],"predecessor-version":[{"id":20895,"href":"https:\/\/blogdorogeriogomes.com.br\/noticias\/wp-json\/wp\/v2\/posts\/20893\/revisions\/20895"}],"wp:featuredmedia":[{"embeddable":true,"href":"https:\/\/blogdorogeriogomes.com.br\/noticias\/wp-json\/wp\/v2\/media\/20894"}],"wp:attachment":[{"href":"https:\/\/blogdorogeriogomes.com.br\/noticias\/wp-json\/wp\/v2\/media?parent=20893"}],"wp:term":[{"taxonomy":"category","embeddable":true,"href":"https:\/\/blogdorogeriogomes.com.br\/noticias\/wp-json\/wp\/v2\/categories?post=20893"},{"taxonomy":"post_tag","embeddable":true,"href":"https:\/\/blogdorogeriogomes.com.br\/noticias\/wp-json\/wp\/v2\/tags?post=20893"}],"curies":[{"name":"wp","href":"https:\/\/api.w.org\/{rel}","templated":true}]}}