{"id":20899,"date":"2021-04-20T10:04:25","date_gmt":"2021-04-20T10:04:25","guid":{"rendered":"https:\/\/blogdorogeriogomes.com.br\/?p=20899"},"modified":"2021-04-20T14:07:48","modified_gmt":"2021-04-20T14:07:48","slug":"integrantes-da-cpi-da-covid-definem-ordem-de-depoentes-e-temas-a-serem-investigados","status":"publish","type":"post","link":"https:\/\/blogdorogeriogomes.com.br\/noticias\/2021\/04\/integrantes-da-cpi-da-covid-definem-ordem-de-depoentes-e-temas-a-serem-investigados\/","title":{"rendered":"Integrantes da CPI da Covid definem ordem de depoentes e temas a serem investigados"},"content":{"rendered":"\n<p>Integrantes da CPI da Covid, que ser\u00e1 instalada nesta quinta-feira, dia 22 de abril, no Senado Federal, definem o cronograma de depoentes e os temas a serem abordados. Num primeiro momento, a ideia \u00e9 apurar os motivos que causaram a demiss\u00e3o dos ex-ministros da Sa\u00fade, Luiz Henrique Mandetta e Nelson Teich. A CPI tamb\u00e9m deve investigar se houve press\u00e3o por parte de Jair Bolsonaro para que os chefes da Sa\u00fade apoiassem o suposto &#8220;tratamento precoce&#8221; contra a doen\u00e7a, baseado principalmente na hidroxicloroquina.<\/p>\n\n\n\n<p>Os primeiros convocados pela CPI devem ser os tr\u00eas ex-ministros da Sa\u00fade do governo Bolsonaro: Luiz Henrique Mandetta, Nelson Teich e Eduardo Pazuello. O atual ministro Marcelo Queiroga ser\u00e1 outro na lista de chamados a depor. Tamb\u00e9m n\u00e3o est\u00e1 descartada a convoca\u00e7\u00e3o do ministro da Economia, Paulo Guedes.<\/p>\n\n\n\n<p>A CPI da Covid vai buscar detalhar as tentativas do Governo Federal em adquirir imunizantes, buscando entender, por exemplo, o que levou o presidente Jair Bolsonaro a recusar a oferta de doses da Pfizer, ainda em agosto do ano passado. A comiss\u00e3o quer analisar se o Pal\u00e1cio do Planalto agiu para atingir a chamada &#8220;imunidade de rebanho&#8221;, contrariando orienta\u00e7\u00f5es de especialistas de todo o mundo.<\/p>\n\n\n\n<figure class=\"wp-block-image size-large\"><img loading=\"lazy\" decoding=\"async\" width=\"673\" height=\"456\" src=\"https:\/\/blogdorogeriogomes.com.br\/wp-content\/uploads\/2021\/04\/images-43.jpeg\" alt=\"\" class=\"wp-image-20900\" srcset=\"https:\/\/blogdorogeriogomes.com.br\/noticias\/wp-content\/uploads\/2021\/04\/images-43.jpeg 673w, https:\/\/blogdorogeriogomes.com.br\/noticias\/wp-content\/uploads\/2021\/04\/images-43-300x203.jpeg 300w\" sizes=\"auto, (max-width: 673px) 100vw, 673px\" \/><\/figure>\n","protected":false},"excerpt":{"rendered":"<p>Integrantes da CPI da Covid, que ser\u00e1 instalada nesta quinta-feira, dia 22 de abril, no Senado Federal, definem o cronograma de depoentes e os temas a serem abordados. Num primeiro momento, a ideia \u00e9 apurar os motivos que causaram a demiss\u00e3o dos ex-ministros da Sa\u00fade, Luiz Henrique Mandetta e Nelson Teich. A CPI tamb\u00e9m deve investigar se houve press\u00e3o por parte de Jair Bolsonaro para que os chefes da Sa\u00fade apoiassem o suposto &#8220;tratamento precoce&#8221; contra a doen\u00e7a, baseado&hellip;<\/p>\n","protected":false},"author":1,"featured_media":20900,"comment_status":"open","ping_status":"open","sticky":false,"template":"","format":"standard","meta":{"footnotes":""},"categories":[1],"tags":[],"class_list":["post-20899","post","type-post","status-publish","format-standard","has-post-thumbnail","hentry","category-noticias"],"_links":{"self":[{"href":"https:\/\/blogdorogeriogomes.com.br\/noticias\/wp-json\/wp\/v2\/posts\/20899","targetHints":{"allow":["GET"]}}],"collection":[{"href":"https:\/\/blogdorogeriogomes.com.br\/noticias\/wp-json\/wp\/v2\/posts"}],"about":[{"href":"https:\/\/blogdorogeriogomes.com.br\/noticias\/wp-json\/wp\/v2\/types\/post"}],"author":[{"embeddable":true,"href":"https:\/\/blogdorogeriogomes.com.br\/noticias\/wp-json\/wp\/v2\/users\/1"}],"replies":[{"embeddable":true,"href":"https:\/\/blogdorogeriogomes.com.br\/noticias\/wp-json\/wp\/v2\/comments?post=20899"}],"version-history":[{"count":1,"href":"https:\/\/blogdorogeriogomes.com.br\/noticias\/wp-json\/wp\/v2\/posts\/20899\/revisions"}],"predecessor-version":[{"id":20901,"href":"https:\/\/blogdorogeriogomes.com.br\/noticias\/wp-json\/wp\/v2\/posts\/20899\/revisions\/20901"}],"wp:featuredmedia":[{"embeddable":true,"href":"https:\/\/blogdorogeriogomes.com.br\/noticias\/wp-json\/wp\/v2\/media\/20900"}],"wp:attachment":[{"href":"https:\/\/blogdorogeriogomes.com.br\/noticias\/wp-json\/wp\/v2\/media?parent=20899"}],"wp:term":[{"taxonomy":"category","embeddable":true,"href":"https:\/\/blogdorogeriogomes.com.br\/noticias\/wp-json\/wp\/v2\/categories?post=20899"},{"taxonomy":"post_tag","embeddable":true,"href":"https:\/\/blogdorogeriogomes.com.br\/noticias\/wp-json\/wp\/v2\/tags?post=20899"}],"curies":[{"name":"wp","href":"https:\/\/api.w.org\/{rel}","templated":true}]}}