{"id":20903,"date":"2021-04-20T18:33:39","date_gmt":"2021-04-20T18:33:39","guid":{"rendered":"https:\/\/blogdorogeriogomes.com.br\/?p=20903"},"modified":"2021-04-20T18:33:42","modified_gmt":"2021-04-20T18:33:42","slug":"prefeitura-amplia-oferta-de-vagas-para-educacao-infantil-em-fortaleza-com-acrescimo-de-12-creches","status":"publish","type":"post","link":"https:\/\/blogdorogeriogomes.com.br\/noticias\/2021\/04\/prefeitura-amplia-oferta-de-vagas-para-educacao-infantil-em-fortaleza-com-acrescimo-de-12-creches\/","title":{"rendered":"Prefeitura amplia oferta de vagas para Educa\u00e7\u00e3o Infantil em Fortaleza com acr\u00e9scimo de 12 creches"},"content":{"rendered":"\n<p>A Prefeitura de Fortaleza ampliar\u00e1 o atendimento \u00e0s crian\u00e7as de 1 a 2 anos com 12 novas creches e a oferta de 8.502 vagas. O prefeito Jos\u00e9 Sarto (PDT) assinou, na manh\u00e3 desta ter\u00e7a-feira, dia 20 de abril, o termo de colabora\u00e7\u00e3o com organiza\u00e7\u00f5es da sociedade civil para o gerenciamento de unidades voltadas \u00e0 Educa\u00e7\u00e3o Infantil na Capital.<\/p>\n\n\n\n<p>A a\u00e7\u00e3o ocorre por meio de chamamento p\u00fablico, e tem o objetivo de celebrar parcerias para o ano letivo de 2021 com entidades que j\u00e1 desenvolvem atividades educacionais. Ao todo, ser\u00e3o 109 termos de colabora\u00e7\u00e3o com 59 organiza\u00e7\u00f5es da sociedade civil para o gerenciamento das creches. O investimento total ser\u00e1 de R$ 44.871.653,63 neste ano. A celebra\u00e7\u00e3o dos termos \u00e9 realizada anualmente pela Secretaria Municipal da Educa\u00e7\u00e3o (SME).<\/p>\n\n\n\n<p>As crian\u00e7as a serem matriculadas receber\u00e3o os mesmos benef\u00edcios daquelas atendidas em unidades do Munic\u00edpio (fardamento, alimenta\u00e7\u00e3o, kits pedag\u00f3gicos, al\u00e9m de chips para acesso \u00e0 internet). Neste per\u00edodo de atendimento remoto, os kits alimenta\u00e7\u00e3o tamb\u00e9m ser\u00e3o disponibilizados.<\/p>\n\n\n\n<figure class=\"wp-block-image size-large\"><img loading=\"lazy\" decoding=\"async\" width=\"1024\" height=\"608\" src=\"https:\/\/blogdorogeriogomes.com.br\/wp-content\/uploads\/2021\/04\/IMG-20210420-WA0079-1024x608.jpg\" alt=\"\" class=\"wp-image-20904\" srcset=\"https:\/\/blogdorogeriogomes.com.br\/noticias\/wp-content\/uploads\/2021\/04\/IMG-20210420-WA0079-1024x608.jpg 1024w, https:\/\/blogdorogeriogomes.com.br\/noticias\/wp-content\/uploads\/2021\/04\/IMG-20210420-WA0079-300x178.jpg 300w, https:\/\/blogdorogeriogomes.com.br\/noticias\/wp-content\/uploads\/2021\/04\/IMG-20210420-WA0079-768x456.jpg 768w, https:\/\/blogdorogeriogomes.com.br\/noticias\/wp-content\/uploads\/2021\/04\/IMG-20210420-WA0079-800x475.jpg 800w, https:\/\/blogdorogeriogomes.com.br\/noticias\/wp-content\/uploads\/2021\/04\/IMG-20210420-WA0079.jpg 1280w\" sizes=\"auto, (max-width: 1024px) 100vw, 1024px\" \/><\/figure>\n","protected":false},"excerpt":{"rendered":"<p>A Prefeitura de Fortaleza ampliar\u00e1 o atendimento \u00e0s crian\u00e7as de 1 a 2 anos com 12 novas creches e a oferta de 8.502 vagas. O prefeito Jos\u00e9 Sarto (PDT) assinou, na manh\u00e3 desta ter\u00e7a-feira, dia 20 de abril, o termo de colabora\u00e7\u00e3o com organiza\u00e7\u00f5es da sociedade civil para o gerenciamento de unidades voltadas \u00e0 Educa\u00e7\u00e3o Infantil na Capital. A a\u00e7\u00e3o ocorre por meio de chamamento p\u00fablico, e tem o objetivo de celebrar parcerias para o ano letivo de 2021&hellip;<\/p>\n","protected":false},"author":1,"featured_media":0,"comment_status":"open","ping_status":"open","sticky":false,"template":"","format":"standard","meta":{"footnotes":""},"categories":[1],"tags":[],"class_list":["post-20903","post","type-post","status-publish","format-standard","hentry","category-noticias"],"_links":{"self":[{"href":"https:\/\/blogdorogeriogomes.com.br\/noticias\/wp-json\/wp\/v2\/posts\/20903","targetHints":{"allow":["GET"]}}],"collection":[{"href":"https:\/\/blogdorogeriogomes.com.br\/noticias\/wp-json\/wp\/v2\/posts"}],"about":[{"href":"https:\/\/blogdorogeriogomes.com.br\/noticias\/wp-json\/wp\/v2\/types\/post"}],"author":[{"embeddable":true,"href":"https:\/\/blogdorogeriogomes.com.br\/noticias\/wp-json\/wp\/v2\/users\/1"}],"replies":[{"embeddable":true,"href":"https:\/\/blogdorogeriogomes.com.br\/noticias\/wp-json\/wp\/v2\/comments?post=20903"}],"version-history":[{"count":1,"href":"https:\/\/blogdorogeriogomes.com.br\/noticias\/wp-json\/wp\/v2\/posts\/20903\/revisions"}],"predecessor-version":[{"id":20905,"href":"https:\/\/blogdorogeriogomes.com.br\/noticias\/wp-json\/wp\/v2\/posts\/20903\/revisions\/20905"}],"wp:attachment":[{"href":"https:\/\/blogdorogeriogomes.com.br\/noticias\/wp-json\/wp\/v2\/media?parent=20903"}],"wp:term":[{"taxonomy":"category","embeddable":true,"href":"https:\/\/blogdorogeriogomes.com.br\/noticias\/wp-json\/wp\/v2\/categories?post=20903"},{"taxonomy":"post_tag","embeddable":true,"href":"https:\/\/blogdorogeriogomes.com.br\/noticias\/wp-json\/wp\/v2\/tags?post=20903"}],"curies":[{"name":"wp","href":"https:\/\/api.w.org\/{rel}","templated":true}]}}