{"id":20909,"date":"2021-04-20T20:43:16","date_gmt":"2021-04-20T20:43:16","guid":{"rendered":"https:\/\/blogdorogeriogomes.com.br\/?p=20909"},"modified":"2021-04-20T20:43:19","modified_gmt":"2021-04-20T20:43:19","slug":"nordeste-tem-menor-taxa-de-mortes-por-covid-19-no-pais-governadores-exaltam-o-uso-da-ciencia-como-diretriz","status":"publish","type":"post","link":"https:\/\/blogdorogeriogomes.com.br\/noticias\/2021\/04\/nordeste-tem-menor-taxa-de-mortes-por-covid-19-no-pais-governadores-exaltam-o-uso-da-ciencia-como-diretriz\/","title":{"rendered":"Nordeste t\u00eam menor taxa de mortes por Covid-19 no Pa\u00eds. Governadores exaltam o uso da Ci\u00eancia como diretriz"},"content":{"rendered":"\n<p>Os governadores do Nordeste t\u00eam dado um exemplo ao Pa\u00eds de como lidar com o enfrentamento \u00e0 Covid-19. Com medidas mais r\u00edgidas para conter a doen\u00e7a, a regi\u00e3o Nordeste registra a menor taxa de mortalidade por coronav\u00edrus do Brasil. A taxa atualmente est\u00e1 em 49 por 100 mil habitantes, 37% menor do que a m\u00e9dia nacional no mesmo per\u00edodo, que chega a 78 por 100 mil habitantes. No Sul, regi\u00e3o com o maior \u00edndice, o n\u00famero chega a 109 por 100 mil.<\/p>\n\n\n\n<p>O coordenador no F\u00f3rum Nacional dos Governadores, Wellington Dias, que tamb\u00e9m \u00e9 governador do Piau\u00ed, atribuiu o desempenho superior do Nordeste na pandemia \u00e0 decis\u00e3o do cons\u00f3rcio da regi\u00e3o de seguir\u00a0a Ci\u00eancia.<\/p>\n\n\n\n<p>\u201c\u00c9 claro que todo mundo foi pego de surpresa com o coronav\u00edrus, mas a organiza\u00e7\u00e3o do Comit\u00ea do Nordeste, ao seguir a ci\u00eancia, teve um melhor resultado&#8221;, disse Wellington Dias.<\/p>\n\n\n\n<p>*Foto de arquivo<\/p>\n\n\n\n<figure class=\"wp-block-image size-large\"><img loading=\"lazy\" decoding=\"async\" width=\"748\" height=\"410\" src=\"https:\/\/blogdorogeriogomes.com.br\/wp-content\/uploads\/2021\/04\/images-44.jpeg\" alt=\"\" class=\"wp-image-20910\" srcset=\"https:\/\/blogdorogeriogomes.com.br\/noticias\/wp-content\/uploads\/2021\/04\/images-44.jpeg 748w, https:\/\/blogdorogeriogomes.com.br\/noticias\/wp-content\/uploads\/2021\/04\/images-44-300x164.jpeg 300w\" sizes=\"auto, (max-width: 748px) 100vw, 748px\" \/><\/figure>\n","protected":false},"excerpt":{"rendered":"<p>Os governadores do Nordeste t\u00eam dado um exemplo ao Pa\u00eds de como lidar com o enfrentamento \u00e0 Covid-19. Com medidas mais r\u00edgidas para conter a doen\u00e7a, a regi\u00e3o Nordeste registra a menor taxa de mortalidade por coronav\u00edrus do Brasil. A taxa atualmente est\u00e1 em 49 por 100 mil habitantes, 37% menor do que a m\u00e9dia nacional no mesmo per\u00edodo, que chega a 78 por 100 mil habitantes. No Sul, regi\u00e3o com o maior \u00edndice, o n\u00famero chega a 109&hellip;<\/p>\n","protected":false},"author":1,"featured_media":0,"comment_status":"open","ping_status":"open","sticky":false,"template":"","format":"standard","meta":{"footnotes":""},"categories":[1],"tags":[],"class_list":["post-20909","post","type-post","status-publish","format-standard","hentry","category-noticias"],"_links":{"self":[{"href":"https:\/\/blogdorogeriogomes.com.br\/noticias\/wp-json\/wp\/v2\/posts\/20909","targetHints":{"allow":["GET"]}}],"collection":[{"href":"https:\/\/blogdorogeriogomes.com.br\/noticias\/wp-json\/wp\/v2\/posts"}],"about":[{"href":"https:\/\/blogdorogeriogomes.com.br\/noticias\/wp-json\/wp\/v2\/types\/post"}],"author":[{"embeddable":true,"href":"https:\/\/blogdorogeriogomes.com.br\/noticias\/wp-json\/wp\/v2\/users\/1"}],"replies":[{"embeddable":true,"href":"https:\/\/blogdorogeriogomes.com.br\/noticias\/wp-json\/wp\/v2\/comments?post=20909"}],"version-history":[{"count":1,"href":"https:\/\/blogdorogeriogomes.com.br\/noticias\/wp-json\/wp\/v2\/posts\/20909\/revisions"}],"predecessor-version":[{"id":20911,"href":"https:\/\/blogdorogeriogomes.com.br\/noticias\/wp-json\/wp\/v2\/posts\/20909\/revisions\/20911"}],"wp:attachment":[{"href":"https:\/\/blogdorogeriogomes.com.br\/noticias\/wp-json\/wp\/v2\/media?parent=20909"}],"wp:term":[{"taxonomy":"category","embeddable":true,"href":"https:\/\/blogdorogeriogomes.com.br\/noticias\/wp-json\/wp\/v2\/categories?post=20909"},{"taxonomy":"post_tag","embeddable":true,"href":"https:\/\/blogdorogeriogomes.com.br\/noticias\/wp-json\/wp\/v2\/tags?post=20909"}],"curies":[{"name":"wp","href":"https:\/\/api.w.org\/{rel}","templated":true}]}}