{"id":20912,"date":"2021-04-20T23:40:53","date_gmt":"2021-04-20T23:40:53","guid":{"rendered":"https:\/\/blogdorogeriogomes.com.br\/?p=20912"},"modified":"2021-04-20T23:40:56","modified_gmt":"2021-04-20T23:40:56","slug":"tcu-aponta-que-governo-federal-nao-reservou-dinheiro-para-combater-a-covid-19-em-2021","status":"publish","type":"post","link":"https:\/\/blogdorogeriogomes.com.br\/noticias\/2021\/04\/tcu-aponta-que-governo-federal-nao-reservou-dinheiro-para-combater-a-covid-19-em-2021\/","title":{"rendered":"TCU aponta que Governo Federal n\u00e3o reservou dinheiro para combater a Covid-19 em 2021"},"content":{"rendered":"\n<p>Relat\u00f3rio produzido pelo Tribunal de Contas da Uni\u00e3o (TCU) aponta que o Governo Federal n\u00e3o reservou dinheiro para o Minist\u00e9rio da Sa\u00fade no combate \u00e0 pandemia da covid-19 em 2021. O relat\u00f3rio que ser\u00e1 analisado pela CPI (Comiss\u00e3o Parlamentar de Inqu\u00e9rito) da Covid, ressalta tamb\u00e9m que estados e munic\u00edpios n\u00e3o haviam recebido nenhum repasse at\u00e9 o fim de mar\u00e7o para lidar com a crise sanit\u00e1ria. A primeira reuni\u00e3o foi convocada para o pr\u00f3ximo dia 27 de abril. O documento destaca que na lei or\u00e7ament\u00e1ria deste ano &#8220;n\u00e3o constam dota\u00e7\u00f5es para as despesas de combate \u00e0 pandemia&#8221;.<br>\u201cO Minist\u00e9rio da Sa\u00fade disp\u00f5e de R$ 20,05 bilh\u00f5es para aplica\u00e7\u00e3o direta (em 2021), por\u00e9m, R$ 19,9 bilh\u00f5es est\u00e3o reservados para despesas relativas \u00e0 vacina\u00e7\u00e3o da popula\u00e7\u00e3o\u201d, aponta o relat\u00f3rio, assim, o governo federal n\u00e3o se preparou para a possibilidade da piora da pandemia da Covid-19 em 2021, segundo TCU.<br>O Minist\u00e9rio da Sa\u00fade se justificou dizendo que &#8220;a situa\u00e7\u00e3o epidemiol\u00f3gica atualmente verificada n\u00e3o era certa em meados de 2020&#8221;, quando o Or\u00e7amento foi planejado. O tribunal respondeu dando 15 dias para que seja inclu\u00edda dota\u00e7\u00e3o para a Covid-19 no Or\u00e7amento, cuja san\u00e7\u00e3o deve ocorrer at\u00e9 quinta-feira, dia 22.<\/p>\n\n\n\n<figure class=\"wp-block-image size-large\"><img loading=\"lazy\" decoding=\"async\" width=\"586\" height=\"523\" src=\"https:\/\/blogdorogeriogomes.com.br\/wp-content\/uploads\/2021\/04\/images-45.jpeg\" alt=\"\" class=\"wp-image-20913\" srcset=\"https:\/\/blogdorogeriogomes.com.br\/noticias\/wp-content\/uploads\/2021\/04\/images-45.jpeg 586w, https:\/\/blogdorogeriogomes.com.br\/noticias\/wp-content\/uploads\/2021\/04\/images-45-300x268.jpeg 300w\" sizes=\"auto, (max-width: 586px) 100vw, 586px\" \/><\/figure>\n","protected":false},"excerpt":{"rendered":"<p>Relat\u00f3rio produzido pelo Tribunal de Contas da Uni\u00e3o (TCU) aponta que o Governo Federal n\u00e3o reservou dinheiro para o Minist\u00e9rio da Sa\u00fade no combate \u00e0 pandemia da covid-19 em 2021. O relat\u00f3rio que ser\u00e1 analisado pela CPI (Comiss\u00e3o Parlamentar de Inqu\u00e9rito) da Covid, ressalta tamb\u00e9m que estados e munic\u00edpios n\u00e3o haviam recebido nenhum repasse at\u00e9 o fim de mar\u00e7o para lidar com a crise sanit\u00e1ria. A primeira reuni\u00e3o foi convocada para o pr\u00f3ximo dia 27 de abril. O documento&hellip;<\/p>\n","protected":false},"author":1,"featured_media":0,"comment_status":"open","ping_status":"open","sticky":false,"template":"","format":"standard","meta":{"footnotes":""},"categories":[1],"tags":[],"class_list":["post-20912","post","type-post","status-publish","format-standard","hentry","category-noticias"],"_links":{"self":[{"href":"https:\/\/blogdorogeriogomes.com.br\/noticias\/wp-json\/wp\/v2\/posts\/20912","targetHints":{"allow":["GET"]}}],"collection":[{"href":"https:\/\/blogdorogeriogomes.com.br\/noticias\/wp-json\/wp\/v2\/posts"}],"about":[{"href":"https:\/\/blogdorogeriogomes.com.br\/noticias\/wp-json\/wp\/v2\/types\/post"}],"author":[{"embeddable":true,"href":"https:\/\/blogdorogeriogomes.com.br\/noticias\/wp-json\/wp\/v2\/users\/1"}],"replies":[{"embeddable":true,"href":"https:\/\/blogdorogeriogomes.com.br\/noticias\/wp-json\/wp\/v2\/comments?post=20912"}],"version-history":[{"count":1,"href":"https:\/\/blogdorogeriogomes.com.br\/noticias\/wp-json\/wp\/v2\/posts\/20912\/revisions"}],"predecessor-version":[{"id":20914,"href":"https:\/\/blogdorogeriogomes.com.br\/noticias\/wp-json\/wp\/v2\/posts\/20912\/revisions\/20914"}],"wp:attachment":[{"href":"https:\/\/blogdorogeriogomes.com.br\/noticias\/wp-json\/wp\/v2\/media?parent=20912"}],"wp:term":[{"taxonomy":"category","embeddable":true,"href":"https:\/\/blogdorogeriogomes.com.br\/noticias\/wp-json\/wp\/v2\/categories?post=20912"},{"taxonomy":"post_tag","embeddable":true,"href":"https:\/\/blogdorogeriogomes.com.br\/noticias\/wp-json\/wp\/v2\/tags?post=20912"}],"curies":[{"name":"wp","href":"https:\/\/api.w.org\/{rel}","templated":true}]}}