{"id":20918,"date":"2021-04-21T11:08:44","date_gmt":"2021-04-21T11:08:44","guid":{"rendered":"https:\/\/blogdorogeriogomes.com.br\/?p=20918"},"modified":"2021-04-21T11:10:55","modified_gmt":"2021-04-21T11:10:55","slug":"partidos-de-centro-buscam-terceira-via-para-eleicoes-presidenciais-em-2022","status":"publish","type":"post","link":"https:\/\/blogdorogeriogomes.com.br\/noticias\/2021\/04\/partidos-de-centro-buscam-terceira-via-para-eleicoes-presidenciais-em-2022\/","title":{"rendered":"Partidos de centro buscam terceira via para elei\u00e7\u00f5es presidenciais em 2022. PSDB estuda nomes"},"content":{"rendered":"\n<p>O presidente Jair Bolsonaro busca viabilizar sua reelei\u00e7\u00e3o em 2022. O ex-presidente Lula (PT) retomou os direitos pol\u00edticos e \u00e9 um forte candidato ao Planalto no pr\u00f3ximo ano. Partidos do centro pol\u00edtico buscam uma terceira via para tamb\u00e9m concorrer \u00e0 Presid\u00eancia da Rep\u00fablica. No PSDB, o governador de S\u00e3o Paulo, Jo\u00e3o D\u00f3ria, e o do Rio Grande do Sul, Eduardo Leite, s\u00e3o cotados e devem disputar as pr\u00e9vias do partido. Mas, esta semana, outro nome defendido pelos tucanos foi o do senador cearense Tasso Jereissati.<\/p>\n\n\n\n<p>Em entrevista \u00e0 GloboNews, Tasso procurou desviar as aten\u00e7\u00f5es quanto a possibilidade de ser candidato ao Planalto. \u201cN\u00e3o estou pleiteando, n\u00e3o \u00e9 projeto de vida meu chegar \u00e0 presid\u00eancia da Rep\u00fablica (\u2026) mas fa\u00e7o parte do partido e, se me apresentarem como alternativa, \u00e9 uma coisa que a gente tem que amadurecer&#8221;, afirmou o senador do PSDB.<\/p>\n","protected":false},"excerpt":{"rendered":"<p>O presidente Jair Bolsonaro busca viabilizar sua reelei\u00e7\u00e3o em 2022. O ex-presidente Lula (PT) retomou os direitos pol\u00edticos e \u00e9 um forte candidato ao Planalto no pr\u00f3ximo ano. Partidos do centro pol\u00edtico buscam uma terceira via para tamb\u00e9m concorrer \u00e0 Presid\u00eancia da Rep\u00fablica. No PSDB, o governador de S\u00e3o Paulo, Jo\u00e3o D\u00f3ria, e o do Rio Grande do Sul, Eduardo Leite, s\u00e3o cotados e devem disputar as pr\u00e9vias do partido. Mas, esta semana, outro nome defendido pelos tucanos foi&hellip;<\/p>\n","protected":false},"author":1,"featured_media":0,"comment_status":"open","ping_status":"open","sticky":false,"template":"","format":"standard","meta":{"footnotes":""},"categories":[1],"tags":[],"class_list":["post-20918","post","type-post","status-publish","format-standard","hentry","category-noticias"],"_links":{"self":[{"href":"https:\/\/blogdorogeriogomes.com.br\/noticias\/wp-json\/wp\/v2\/posts\/20918","targetHints":{"allow":["GET"]}}],"collection":[{"href":"https:\/\/blogdorogeriogomes.com.br\/noticias\/wp-json\/wp\/v2\/posts"}],"about":[{"href":"https:\/\/blogdorogeriogomes.com.br\/noticias\/wp-json\/wp\/v2\/types\/post"}],"author":[{"embeddable":true,"href":"https:\/\/blogdorogeriogomes.com.br\/noticias\/wp-json\/wp\/v2\/users\/1"}],"replies":[{"embeddable":true,"href":"https:\/\/blogdorogeriogomes.com.br\/noticias\/wp-json\/wp\/v2\/comments?post=20918"}],"version-history":[{"count":3,"href":"https:\/\/blogdorogeriogomes.com.br\/noticias\/wp-json\/wp\/v2\/posts\/20918\/revisions"}],"predecessor-version":[{"id":20921,"href":"https:\/\/blogdorogeriogomes.com.br\/noticias\/wp-json\/wp\/v2\/posts\/20918\/revisions\/20921"}],"wp:attachment":[{"href":"https:\/\/blogdorogeriogomes.com.br\/noticias\/wp-json\/wp\/v2\/media?parent=20918"}],"wp:term":[{"taxonomy":"category","embeddable":true,"href":"https:\/\/blogdorogeriogomes.com.br\/noticias\/wp-json\/wp\/v2\/categories?post=20918"},{"taxonomy":"post_tag","embeddable":true,"href":"https:\/\/blogdorogeriogomes.com.br\/noticias\/wp-json\/wp\/v2\/tags?post=20918"}],"curies":[{"name":"wp","href":"https:\/\/api.w.org\/{rel}","templated":true}]}}