{"id":20922,"date":"2021-04-21T12:35:53","date_gmt":"2021-04-21T12:35:53","guid":{"rendered":"https:\/\/blogdorogeriogomes.com.br\/?p=20922"},"modified":"2021-04-22T19:10:02","modified_gmt":"2021-04-22T19:10:02","slug":"al-promove-segunda-edicao-do-grandes-debates-parlamento-protagonista","status":"publish","type":"post","link":"https:\/\/blogdorogeriogomes.com.br\/noticias\/2021\/04\/al-promove-segunda-edicao-do-grandes-debates-parlamento-protagonista\/","title":{"rendered":"AL promove segunda edi\u00e7\u00e3o do \u201cGrandes Debates -Parlamento Protagonista\u201d"},"content":{"rendered":"\n<p>A Assembleia Legislativa promove na pr\u00f3xima segunda-feira, dia 26 de abril, a segunda edi\u00e7\u00e3o do projeto Grandes Debates &#8211; Parlamento Protagonista.<\/p>\n\n\n\n<p>Esta edi\u00e7\u00e3o ser\u00e1 sobre \u201cSustentabilidade: o caminho para o desenvolvimento\u201d e ter\u00e1 como debatedores o te\u00f3logo Leonardo Boff, o deputado federal pelo Rio de Janeiro Alessandro Molon, o secret\u00e1rio do Meio Ambiente do Cear\u00e1 Artur Bruno, o engenheiro civil e assessor especial do Gabinete do Prefeito de Fortaleza Eudoro Santana e o deputado estadual Leonardo Pinheiro.<\/p>\n\n\n\n<p>O encontro acontecer\u00e1 de forma virtual, com media\u00e7\u00e3o do jornalista Ruy Lima, a partir das 16 horas, pela plataforma Zoom, e transmitido pela TV e R\u00e1dio FM Assembleia, al\u00e9m das m\u00eddias sociais digitais do legislativo estadual.<\/p>\n\n\n\n<p>O projeto, que teve in\u00edcio em mar\u00e7o deste ano, sob a coordena\u00e7\u00e3o do Conselho de Altos Estudos e Assuntos Estrat\u00e9gicos, tem por objetivo levar \u00e0 sociedade novos temas a cada m\u00eas, que ser\u00e3o debatidos com especialistas atuantes nas \u00e1reas envolvidas, de forma a diversificar e aprofundar o debate.<\/p>\n\n\n\n<p>A quest\u00e3o ambiental ganha import\u00e2ncia no mundo inteiro. O \u201cefeito estufa\u201d, as mudan\u00e7as clim\u00e1ticas derivadas do aquecimento do planeta, est\u00e3o afetando diretamente a economia e a sociedade.<\/p>\n\n\n\n<p>A pandemia da Covid-19 evidenciou ainda mais a rela\u00e7\u00e3o entre meio ambiente e sa\u00fade p\u00fablica, mostrando a precariedade do saneamento b\u00e1sico e o delicado relacionamento com os biomas, cada vez mais amea\u00e7ados. Mas tamb\u00e9m mostrou os impactos ben\u00e9ficos do isolamento social decorrente da pandemia.<\/p>\n\n\n\n<p>Segundo o deputado Tin Gomes (PDT), presidente do Conselho de Altos Estudos e Assuntos Estrat\u00e9gicos da Assembleia Legislativa, a inten\u00e7\u00e3o \u00e9 refor\u00e7ar a voca\u00e7\u00e3o do legislativo estadual cearense nas discuss\u00f5es de uma agenda pol\u00edtica imediata e estrat\u00e9gica: &#8211; \u201cO compartilhamento de conhecimento especializado ser\u00e1 um importante instrumento de troca argumentativa para subsidiar as decis\u00f5es parlamentares e para orientar o estabelecimento de pol\u00edticas p\u00fablicas\u201d, ressalta.<\/p>\n\n\n\n<p>A secret\u00e1ria executiva do Conselho, Luiza Perdig\u00e3o, defende uma conviv\u00eancia permanente com o contradit\u00f3rio e a coexist\u00eancia de diferentes ideias e opini\u00f5es, \u201cCom esse projeto, a Assembleia Legislativa refor\u00e7a seu papel de mediadora de alternativas para o fortalecimento da democracia e do desenvolvimento\u201d, destaca.<\/p>\n\n\n\n<p>Os debatedores convidados t\u00eam engajamento profissional e institucional com o tema. O te\u00f3logo Leonardo Boff \u00e9 te\u00f3logo da liberta\u00e7\u00e3o, escritor, professor e conferencista nos mais diferentes audit\u00f3rios do Brasil e do mundo, assessor de movimentos sociais de cunho popular libertador, como o Movimento dos Sem Terra e as comunidades eclesiais de base (CEB\u2019s).<\/p>\n\n\n\n<p>Alessandro Molon j\u00e1 coordenou a Frente Parlamentar Ambientalista, presidiu a comiss\u00e3o que aprovou o Programa Nacional de Redu\u00e7\u00e3o de Agrot\u00f3xicos, \u00e9 autor de projetos como PL da Emerg\u00eancia Clim\u00e1tica, PL do Mar e PL do Pantanal. Eudoro Santana \u00e9 engenheiro civil, ex-deputado estadual, ex-diretor regional do INCRA, ex-secret\u00e1rio de Agricultura e Reforma Agr\u00e1ria do Cear\u00e1, ex-diretor geral do DNOCS, e ex-superintendente do Instituto de Planejamento de Fortaleza.<\/p>\n\n\n\n<p>Artur Bruno \u00e9 educador, ex- deputado federal, deputado estadual e vereador de Fortaleza, secret\u00e1rio do Meio Ambiente (SEMA) do Estado do Cear\u00e1 e autor de dez livros, s\u00f3cio efetivo do Instituto do Cear\u00e1 &#8211; Hist\u00f3rico, Geogr\u00e1fico e Antropol\u00f3gico. Leonardo Pinheiro \u00e9 deputado estadual, sertanejo, tem suas ra\u00edzes pol\u00edticas no Sert\u00e3o Central e Vale do Jaguaribe. Como m\u00e9dico, exerceu a profiss\u00e3o no interior e tem por preocupa\u00e7\u00e3o o desenvolvimento sustent\u00e1vel da zona rural. Por isso, assumiu a presid\u00eancia da Comiss\u00e3o de Meio Ambiente e Desenvolvimento do Semi\u00e1rido.<\/p>\n\n\n\n<p>Entre os temas previstos para as pr\u00f3ximas edi\u00e7\u00f5es est\u00e3o pandemia e justi\u00e7a social, tem\u00e1tica LGBT, renda b\u00e1sica, seguran\u00e7a p\u00fablica, sa\u00fade mental, viol\u00eancia de g\u00eanero, reforma tribut\u00e1ria e educa\u00e7\u00e3o e desigualdades, dentre outros. Ao jogar luz sobre temas que incidem no desenvolvimento social, econ\u00f4mico e pol\u00edtico, o parlamento cearense oferece a oportunidade de a sociedade acompanhar a apresenta\u00e7\u00e3o de diferentes vis\u00f5es sobre quest\u00f5es atuais que afligem a humanidade.<\/p>\n\n\n\n<figure class=\"wp-block-image size-large\"><img loading=\"lazy\" decoding=\"async\" width=\"1024\" height=\"1024\" src=\"https:\/\/blogdorogeriogomes.com.br\/wp-content\/uploads\/2021\/04\/IMG-20210421-WA0038-1024x1024.jpg\" alt=\"\" class=\"wp-image-20923\" srcset=\"https:\/\/blogdorogeriogomes.com.br\/noticias\/wp-content\/uploads\/2021\/04\/IMG-20210421-WA0038-1024x1024.jpg 1024w, https:\/\/blogdorogeriogomes.com.br\/noticias\/wp-content\/uploads\/2021\/04\/IMG-20210421-WA0038-300x300.jpg 300w, https:\/\/blogdorogeriogomes.com.br\/noticias\/wp-content\/uploads\/2021\/04\/IMG-20210421-WA0038-150x150.jpg 150w, https:\/\/blogdorogeriogomes.com.br\/noticias\/wp-content\/uploads\/2021\/04\/IMG-20210421-WA0038-768x768.jpg 768w, https:\/\/blogdorogeriogomes.com.br\/noticias\/wp-content\/uploads\/2021\/04\/IMG-20210421-WA0038-800x800.jpg 800w, https:\/\/blogdorogeriogomes.com.br\/noticias\/wp-content\/uploads\/2021\/04\/IMG-20210421-WA0038-250x250.jpg 250w, https:\/\/blogdorogeriogomes.com.br\/noticias\/wp-content\/uploads\/2021\/04\/IMG-20210421-WA0038.jpg 1080w\" sizes=\"auto, (max-width: 1024px) 100vw, 1024px\" \/><\/figure>\n\n\n\n<p><\/p>\n\n\n\n<p><\/p>\n\n\n\n<p><\/p>\n","protected":false},"excerpt":{"rendered":"<p>A Assembleia Legislativa promove na pr\u00f3xima segunda-feira, dia 26 de abril, a segunda edi\u00e7\u00e3o do projeto Grandes Debates &#8211; Parlamento Protagonista. Esta edi\u00e7\u00e3o ser\u00e1 sobre \u201cSustentabilidade: o caminho para o desenvolvimento\u201d e ter\u00e1 como debatedores o te\u00f3logo Leonardo Boff, o deputado federal pelo Rio de Janeiro Alessandro Molon, o secret\u00e1rio do Meio Ambiente do Cear\u00e1 Artur Bruno, o engenheiro civil e assessor especial do Gabinete do Prefeito de Fortaleza Eudoro Santana e o deputado estadual Leonardo Pinheiro. O encontro&hellip;<\/p>\n","protected":false},"author":1,"featured_media":20923,"comment_status":"open","ping_status":"open","sticky":false,"template":"","format":"standard","meta":{"footnotes":""},"categories":[1],"tags":[],"class_list":["post-20922","post","type-post","status-publish","format-standard","has-post-thumbnail","hentry","category-noticias"],"_links":{"self":[{"href":"https:\/\/blogdorogeriogomes.com.br\/noticias\/wp-json\/wp\/v2\/posts\/20922","targetHints":{"allow":["GET"]}}],"collection":[{"href":"https:\/\/blogdorogeriogomes.com.br\/noticias\/wp-json\/wp\/v2\/posts"}],"about":[{"href":"https:\/\/blogdorogeriogomes.com.br\/noticias\/wp-json\/wp\/v2\/types\/post"}],"author":[{"embeddable":true,"href":"https:\/\/blogdorogeriogomes.com.br\/noticias\/wp-json\/wp\/v2\/users\/1"}],"replies":[{"embeddable":true,"href":"https:\/\/blogdorogeriogomes.com.br\/noticias\/wp-json\/wp\/v2\/comments?post=20922"}],"version-history":[{"count":1,"href":"https:\/\/blogdorogeriogomes.com.br\/noticias\/wp-json\/wp\/v2\/posts\/20922\/revisions"}],"predecessor-version":[{"id":20924,"href":"https:\/\/blogdorogeriogomes.com.br\/noticias\/wp-json\/wp\/v2\/posts\/20922\/revisions\/20924"}],"wp:featuredmedia":[{"embeddable":true,"href":"https:\/\/blogdorogeriogomes.com.br\/noticias\/wp-json\/wp\/v2\/media\/20923"}],"wp:attachment":[{"href":"https:\/\/blogdorogeriogomes.com.br\/noticias\/wp-json\/wp\/v2\/media?parent=20922"}],"wp:term":[{"taxonomy":"category","embeddable":true,"href":"https:\/\/blogdorogeriogomes.com.br\/noticias\/wp-json\/wp\/v2\/categories?post=20922"},{"taxonomy":"post_tag","embeddable":true,"href":"https:\/\/blogdorogeriogomes.com.br\/noticias\/wp-json\/wp\/v2\/tags?post=20922"}],"curies":[{"name":"wp","href":"https:\/\/api.w.org\/{rel}","templated":true}]}}