{"id":20925,"date":"2021-04-21T23:11:12","date_gmt":"2021-04-21T23:11:12","guid":{"rendered":"https:\/\/blogdorogeriogomes.com.br\/?p=20925"},"modified":"2021-04-22T19:09:46","modified_gmt":"2021-04-22T19:09:46","slug":"cupula-do-clima-promovida-por-joe-biden-e-ultimo-teste-para-bolsonaro-na-questao-do-meio-ambiente","status":"publish","type":"post","link":"https:\/\/blogdorogeriogomes.com.br\/noticias\/2021\/04\/cupula-do-clima-promovida-por-joe-biden-e-ultimo-teste-para-bolsonaro-na-questao-do-meio-ambiente\/","title":{"rendered":"C\u00fapula do Clima promovida por Joe Biden \u00e9 \u00faltimo teste para Bolsonaro na quest\u00e3o do meio ambiente"},"content":{"rendered":"\n<p>A C\u00fapula dos L\u00edderes sobre o Clima, convocada pelo presidente dos EUA, Joe Biden, ser\u00e1 realizada virtualmente nesta quinta-feira, dia 22 de abril, e sexta-feira, dia 23. O presidente norte-americano convidou outros 39 chefes de estado, entre os quais, Jair Bolsonaro. Ser\u00e1 a \u00faltima chance do presidente brasileiro reafirmar perante o cen\u00e1rio internacional o seu compromisso contra o avan\u00e7o do desmatamento da Amaz\u00f4nia. O Brasil busca recursos internacionais, inclusive, dos Estados Unidos, mas teme retalia\u00e7\u00f5es diante do cen\u00e1rio de degrada\u00e7\u00e3o do meio ambiente atrav\u00e9s do desmatamento ilegal e a falta de fiscaliza\u00e7\u00e3o do Governo Federal.<\/p>\n\n\n\n<p>O ministro do Meio Ambiente, Ricardo Salles, \u00e9 acusado de desmontar toda as estrutura de fiscaliza\u00e7\u00e3o ambiental no Pa\u00eds, com o esvaziamento de \u00f3rg\u00e3os como o Ibama, que sofre com a falta de recursos e insufici\u00eancia de funcion\u00e1rios. Quem se beneficia s\u00e3o grileiros e garimpeiros, que avan\u00e7am com a\u00e7\u00f5es de desmatamento.<\/p>\n\n\n\n<p>A expectativa dos ambientalistas \u00e9 que o posicionamento do presidente Jair Bolsonaro na C\u00fapula do Clima deve seguir a mesma cartilha do ministro Ricardo Salles, considerado um s\u00edmbolo do retrocesso na agenda ambiental. Nas redes sociais, uma campanha pede a demiss\u00e3o do atual ministro.<\/p>\n\n\n\n<figure class=\"wp-block-image size-large\"><img loading=\"lazy\" decoding=\"async\" width=\"660\" height=\"371\" src=\"https:\/\/blogdorogeriogomes.com.br\/wp-content\/uploads\/2021\/04\/images-48.jpeg\" alt=\"\" class=\"wp-image-20926\" srcset=\"https:\/\/blogdorogeriogomes.com.br\/noticias\/wp-content\/uploads\/2021\/04\/images-48.jpeg 660w, https:\/\/blogdorogeriogomes.com.br\/noticias\/wp-content\/uploads\/2021\/04\/images-48-300x169.jpeg 300w\" sizes=\"auto, (max-width: 660px) 100vw, 660px\" \/><\/figure>\n","protected":false},"excerpt":{"rendered":"<p>A C\u00fapula dos L\u00edderes sobre o Clima, convocada pelo presidente dos EUA, Joe Biden, ser\u00e1 realizada virtualmente nesta quinta-feira, dia 22 de abril, e sexta-feira, dia 23. O presidente norte-americano convidou outros 39 chefes de estado, entre os quais, Jair Bolsonaro. Ser\u00e1 a \u00faltima chance do presidente brasileiro reafirmar perante o cen\u00e1rio internacional o seu compromisso contra o avan\u00e7o do desmatamento da Amaz\u00f4nia. O Brasil busca recursos internacionais, inclusive, dos Estados Unidos, mas teme retalia\u00e7\u00f5es diante do cen\u00e1rio de&hellip;<\/p>\n","protected":false},"author":1,"featured_media":20926,"comment_status":"open","ping_status":"open","sticky":false,"template":"","format":"standard","meta":{"footnotes":""},"categories":[1],"tags":[],"class_list":["post-20925","post","type-post","status-publish","format-standard","has-post-thumbnail","hentry","category-noticias"],"_links":{"self":[{"href":"https:\/\/blogdorogeriogomes.com.br\/noticias\/wp-json\/wp\/v2\/posts\/20925","targetHints":{"allow":["GET"]}}],"collection":[{"href":"https:\/\/blogdorogeriogomes.com.br\/noticias\/wp-json\/wp\/v2\/posts"}],"about":[{"href":"https:\/\/blogdorogeriogomes.com.br\/noticias\/wp-json\/wp\/v2\/types\/post"}],"author":[{"embeddable":true,"href":"https:\/\/blogdorogeriogomes.com.br\/noticias\/wp-json\/wp\/v2\/users\/1"}],"replies":[{"embeddable":true,"href":"https:\/\/blogdorogeriogomes.com.br\/noticias\/wp-json\/wp\/v2\/comments?post=20925"}],"version-history":[{"count":1,"href":"https:\/\/blogdorogeriogomes.com.br\/noticias\/wp-json\/wp\/v2\/posts\/20925\/revisions"}],"predecessor-version":[{"id":20927,"href":"https:\/\/blogdorogeriogomes.com.br\/noticias\/wp-json\/wp\/v2\/posts\/20925\/revisions\/20927"}],"wp:featuredmedia":[{"embeddable":true,"href":"https:\/\/blogdorogeriogomes.com.br\/noticias\/wp-json\/wp\/v2\/media\/20926"}],"wp:attachment":[{"href":"https:\/\/blogdorogeriogomes.com.br\/noticias\/wp-json\/wp\/v2\/media?parent=20925"}],"wp:term":[{"taxonomy":"category","embeddable":true,"href":"https:\/\/blogdorogeriogomes.com.br\/noticias\/wp-json\/wp\/v2\/categories?post=20925"},{"taxonomy":"post_tag","embeddable":true,"href":"https:\/\/blogdorogeriogomes.com.br\/noticias\/wp-json\/wp\/v2\/tags?post=20925"}],"curies":[{"name":"wp","href":"https:\/\/api.w.org\/{rel}","templated":true}]}}