{"id":20928,"date":"2021-04-22T09:59:44","date_gmt":"2021-04-22T09:59:44","guid":{"rendered":"https:\/\/blogdorogeriogomes.com.br\/?p=20928"},"modified":"2021-04-22T19:09:32","modified_gmt":"2021-04-22T19:09:32","slug":"ocupacao-de-leitos-de-uti-em-fortaleza-diminui-mas-continua-alta-em-nove-cidades-do-interior","status":"publish","type":"post","link":"https:\/\/blogdorogeriogomes.com.br\/noticias\/2021\/04\/ocupacao-de-leitos-de-uti-em-fortaleza-diminui-mas-continua-alta-em-nove-cidades-do-interior\/","title":{"rendered":"Ocupa\u00e7\u00e3o de leitos de UTI em Fortaleza diminui, mas continua alta em nove cidades do interior"},"content":{"rendered":"\n<p>N\u00fameros da plataforma IntegraSUS mostram que a ocupa\u00e7\u00e3o de leitos de UTI em Fortaleza diminuiu desde o in\u00edcio do isolamento r\u00edgido em 5 de mar\u00e7o at\u00e9 esta quarta-feira, dia 21 de abril. A queda foi de 92,46% para 88,55%. Em todo o Cear\u00e1, a taxa de ocupa\u00e7\u00e3o \u00e9 de 90,8% considerando todos os munic\u00edpios. As refer\u00eancias valem para os hospitais da rede p\u00fablica e privada.<\/p>\n\n\n\n<p>No interior do Cear\u00e1, no entanto, nove munic\u00edpios vivem uma situa\u00e7\u00e3o mais preocupante em rela\u00e7\u00e3o \u00e0 Covid-19, com 100% dos leitos de UTI ocupados. S\u00e3o eles: Barreira, Baturit\u00e9, Boa Viagem, Canind\u00e9, Irau\u00e7uba, Jaguaribe, Jijoca de Jericoacoara, Maranguape e Teju\u00e7uoca.<\/p>\n\n\n\n<figure class=\"wp-block-image size-large\"><img loading=\"lazy\" decoding=\"async\" width=\"739\" height=\"415\" src=\"https:\/\/blogdorogeriogomes.com.br\/wp-content\/uploads\/2021\/04\/images-49.jpeg\" alt=\"\" class=\"wp-image-20929\" srcset=\"https:\/\/blogdorogeriogomes.com.br\/noticias\/wp-content\/uploads\/2021\/04\/images-49.jpeg 739w, https:\/\/blogdorogeriogomes.com.br\/noticias\/wp-content\/uploads\/2021\/04\/images-49-300x168.jpeg 300w\" sizes=\"auto, (max-width: 739px) 100vw, 739px\" \/><\/figure>\n\n\n\n<p><\/p>\n","protected":false},"excerpt":{"rendered":"<p>N\u00fameros da plataforma IntegraSUS mostram que a ocupa\u00e7\u00e3o de leitos de UTI em Fortaleza diminuiu desde o in\u00edcio do isolamento r\u00edgido em 5 de mar\u00e7o at\u00e9 esta quarta-feira, dia 21 de abril. A queda foi de 92,46% para 88,55%. Em todo o Cear\u00e1, a taxa de ocupa\u00e7\u00e3o \u00e9 de 90,8% considerando todos os munic\u00edpios. As refer\u00eancias valem para os hospitais da rede p\u00fablica e privada. No interior do Cear\u00e1, no entanto, nove munic\u00edpios vivem uma situa\u00e7\u00e3o mais preocupante em&hellip;<\/p>\n","protected":false},"author":1,"featured_media":20929,"comment_status":"open","ping_status":"open","sticky":false,"template":"","format":"standard","meta":{"footnotes":""},"categories":[1],"tags":[],"class_list":["post-20928","post","type-post","status-publish","format-standard","has-post-thumbnail","hentry","category-noticias"],"_links":{"self":[{"href":"https:\/\/blogdorogeriogomes.com.br\/noticias\/wp-json\/wp\/v2\/posts\/20928","targetHints":{"allow":["GET"]}}],"collection":[{"href":"https:\/\/blogdorogeriogomes.com.br\/noticias\/wp-json\/wp\/v2\/posts"}],"about":[{"href":"https:\/\/blogdorogeriogomes.com.br\/noticias\/wp-json\/wp\/v2\/types\/post"}],"author":[{"embeddable":true,"href":"https:\/\/blogdorogeriogomes.com.br\/noticias\/wp-json\/wp\/v2\/users\/1"}],"replies":[{"embeddable":true,"href":"https:\/\/blogdorogeriogomes.com.br\/noticias\/wp-json\/wp\/v2\/comments?post=20928"}],"version-history":[{"count":1,"href":"https:\/\/blogdorogeriogomes.com.br\/noticias\/wp-json\/wp\/v2\/posts\/20928\/revisions"}],"predecessor-version":[{"id":20930,"href":"https:\/\/blogdorogeriogomes.com.br\/noticias\/wp-json\/wp\/v2\/posts\/20928\/revisions\/20930"}],"wp:featuredmedia":[{"embeddable":true,"href":"https:\/\/blogdorogeriogomes.com.br\/noticias\/wp-json\/wp\/v2\/media\/20929"}],"wp:attachment":[{"href":"https:\/\/blogdorogeriogomes.com.br\/noticias\/wp-json\/wp\/v2\/media?parent=20928"}],"wp:term":[{"taxonomy":"category","embeddable":true,"href":"https:\/\/blogdorogeriogomes.com.br\/noticias\/wp-json\/wp\/v2\/categories?post=20928"},{"taxonomy":"post_tag","embeddable":true,"href":"https:\/\/blogdorogeriogomes.com.br\/noticias\/wp-json\/wp\/v2\/tags?post=20928"}],"curies":[{"name":"wp","href":"https:\/\/api.w.org\/{rel}","templated":true}]}}