{"id":20931,"date":"2021-04-22T10:36:57","date_gmt":"2021-04-22T10:36:57","guid":{"rendered":"https:\/\/blogdorogeriogomes.com.br\/?p=20931"},"modified":"2021-04-22T19:09:20","modified_gmt":"2021-04-22T19:09:20","slug":"sem-previsao-de-muitas-vacinas-ministerio-da-saude-adia-de-maio-para-setembro-fim-de-imunizacao-contra-covid-19-do-grupo-prioritario","status":"publish","type":"post","link":"https:\/\/blogdorogeriogomes.com.br\/noticias\/2021\/04\/sem-previsao-de-muitas-vacinas-ministerio-da-saude-adia-de-maio-para-setembro-fim-de-imunizacao-contra-covid-19-do-grupo-prioritario\/","title":{"rendered":"Sem previs\u00e3o de muitas vacinas, Minist\u00e9rio da Sa\u00fade adia de maio para setembro fim de imuniza\u00e7\u00e3o contra Covid-19 do grupo priorit\u00e1rio"},"content":{"rendered":"\n<p>O ministro da Sa\u00fade, Marcelo Queiroga, reconheceu a escassez de vacinas contra a Covid-19 no Pa\u00eds. Nesta quarta-feira, dia 21 de abril, ele adiou o fim da imuniza\u00e7\u00e3o do grupo priorit\u00e1rio em quatro meses, de maio para setembro. &#8220;N\u00e3o posso dizer taxativamente que tenhamos 40 milh\u00f5es, 35, milh\u00f5es e 45 milh\u00f5es em maio porque depende da chegada de insumos no Brasil\u201d, disse Marcelo Queiroga. O Minist\u00e9rio da Sa\u00fade s\u00f3 conta hoje com duas vacinas sendo aplicadas no Pa\u00eds: a CoronaVac, produzida pelo Butantan, e a AstraZeneca, pela Fiocruz.<\/p>\n\n\n\n<p>Esta semana, o Instituto Butantan retomou a produ\u00e7\u00e3o da vacina Coronavac ap\u00f3s a chegada de mais insumos da China. De acordo com o Governo de S\u00e3o Paulo, a pr\u00f3xima entrega ao Plano Nacional de Imuniza\u00e7\u00e3o (PNI), com cinco milh\u00f5es de doses, est\u00e1 prevista at\u00e9 a primeira semana de maio.<\/p>\n\n\n\n<p>O ministro Ricardo Lewandowski, do Supremo Tribunal Federal (STF), deu prazo de cinco dias para o Governo Federal informar sobre a divulga\u00e7\u00e3o do cronograma de recebimento de doses de vacinas contra a Covid-19. A falta de planejamento do Minist\u00e9rio da Sa\u00fade compromete a programa\u00e7\u00e3o de governadores e prefeitos na vacina\u00e7\u00e3o em estados e munic\u00edpios.<\/p>\n\n\n\n<figure class=\"wp-block-image size-large\"><img loading=\"lazy\" decoding=\"async\" width=\"569\" height=\"420\" src=\"https:\/\/blogdorogeriogomes.com.br\/wp-content\/uploads\/2021\/04\/images-50.jpeg\" alt=\"\" class=\"wp-image-20932\" srcset=\"https:\/\/blogdorogeriogomes.com.br\/noticias\/wp-content\/uploads\/2021\/04\/images-50.jpeg 569w, https:\/\/blogdorogeriogomes.com.br\/noticias\/wp-content\/uploads\/2021\/04\/images-50-300x221.jpeg 300w\" sizes=\"auto, (max-width: 569px) 100vw, 569px\" \/><\/figure>\n","protected":false},"excerpt":{"rendered":"<p>O ministro da Sa\u00fade, Marcelo Queiroga, reconheceu a escassez de vacinas contra a Covid-19 no Pa\u00eds. Nesta quarta-feira, dia 21 de abril, ele adiou o fim da imuniza\u00e7\u00e3o do grupo priorit\u00e1rio em quatro meses, de maio para setembro. &#8220;N\u00e3o posso dizer taxativamente que tenhamos 40 milh\u00f5es, 35, milh\u00f5es e 45 milh\u00f5es em maio porque depende da chegada de insumos no Brasil\u201d, disse Marcelo Queiroga. O Minist\u00e9rio da Sa\u00fade s\u00f3 conta hoje com duas vacinas sendo aplicadas no Pa\u00eds: a&hellip;<\/p>\n","protected":false},"author":1,"featured_media":20932,"comment_status":"open","ping_status":"open","sticky":false,"template":"","format":"standard","meta":{"footnotes":""},"categories":[1],"tags":[],"class_list":["post-20931","post","type-post","status-publish","format-standard","has-post-thumbnail","hentry","category-noticias"],"_links":{"self":[{"href":"https:\/\/blogdorogeriogomes.com.br\/noticias\/wp-json\/wp\/v2\/posts\/20931","targetHints":{"allow":["GET"]}}],"collection":[{"href":"https:\/\/blogdorogeriogomes.com.br\/noticias\/wp-json\/wp\/v2\/posts"}],"about":[{"href":"https:\/\/blogdorogeriogomes.com.br\/noticias\/wp-json\/wp\/v2\/types\/post"}],"author":[{"embeddable":true,"href":"https:\/\/blogdorogeriogomes.com.br\/noticias\/wp-json\/wp\/v2\/users\/1"}],"replies":[{"embeddable":true,"href":"https:\/\/blogdorogeriogomes.com.br\/noticias\/wp-json\/wp\/v2\/comments?post=20931"}],"version-history":[{"count":1,"href":"https:\/\/blogdorogeriogomes.com.br\/noticias\/wp-json\/wp\/v2\/posts\/20931\/revisions"}],"predecessor-version":[{"id":20933,"href":"https:\/\/blogdorogeriogomes.com.br\/noticias\/wp-json\/wp\/v2\/posts\/20931\/revisions\/20933"}],"wp:featuredmedia":[{"embeddable":true,"href":"https:\/\/blogdorogeriogomes.com.br\/noticias\/wp-json\/wp\/v2\/media\/20932"}],"wp:attachment":[{"href":"https:\/\/blogdorogeriogomes.com.br\/noticias\/wp-json\/wp\/v2\/media?parent=20931"}],"wp:term":[{"taxonomy":"category","embeddable":true,"href":"https:\/\/blogdorogeriogomes.com.br\/noticias\/wp-json\/wp\/v2\/categories?post=20931"},{"taxonomy":"post_tag","embeddable":true,"href":"https:\/\/blogdorogeriogomes.com.br\/noticias\/wp-json\/wp\/v2\/tags?post=20931"}],"curies":[{"name":"wp","href":"https:\/\/api.w.org\/{rel}","templated":true}]}}