{"id":20934,"date":"2021-04-22T17:32:15","date_gmt":"2021-04-22T17:32:15","guid":{"rendered":"https:\/\/blogdorogeriogomes.com.br\/?p=20934"},"modified":"2021-04-22T19:07:22","modified_gmt":"2021-04-22T19:07:22","slug":"frota-extra-com-200-onibus-em-fortaleza-sera-mantida-por-mais-30-dias-diz-jose-sarto","status":"publish","type":"post","link":"https:\/\/blogdorogeriogomes.com.br\/noticias\/2021\/04\/frota-extra-com-200-onibus-em-fortaleza-sera-mantida-por-mais-30-dias-diz-jose-sarto\/","title":{"rendered":"Frota extra com 200 \u00f4nibus em Fortaleza ser\u00e1 mantida por mais 30 dias, diz Jos\u00e9 Sarto"},"content":{"rendered":"\n<p>O prefeito de Fortaleza, Jos\u00e9 Sarto, anunciou, nesta quinta-feira, dia 22 de abril, que a frota extra de \u00f4nibus ser\u00e1 prorrogada pelos pr\u00f3ximos 30 dias. Ele explicou que, ap\u00f3s di\u00e1logo com representantes do Sindi\u00f4nibus, o Governo do Estado e a Prefeitura ir\u00e3o aportar recursos do Tesouro Municipal e Estadual para manter o incremento de 200 \u00f4nibus nos hor\u00e1rios de pico na Capital.<\/p>\n\n\n\n<p>Durante a retomada gradual das atividades econ\u00f4micas, os setores produtivos funcionam em hor\u00e1rios diferentes. O com\u00e9rcio e lojas de rua podem operar das 10 \u00e0s 16 horas, j\u00e1 os shoppings, das 12 \u00e0s 18 horas. Jos\u00e9 Sarto refor\u00e7ou a import\u00e2ncia de se cumprir o escalonamento dos hor\u00e1rios de funcionamento das atividades, conforme previsto nos decretos municipal e estadual, a fim de evitar aglomera\u00e7\u00f5es.<\/p>\n\n\n\n<figure class=\"wp-block-image size-large\"><img loading=\"lazy\" decoding=\"async\" width=\"652\" height=\"471\" src=\"https:\/\/blogdorogeriogomes.com.br\/wp-content\/uploads\/2021\/04\/images-51.jpeg\" alt=\"\" class=\"wp-image-20935\" srcset=\"https:\/\/blogdorogeriogomes.com.br\/noticias\/wp-content\/uploads\/2021\/04\/images-51.jpeg 652w, https:\/\/blogdorogeriogomes.com.br\/noticias\/wp-content\/uploads\/2021\/04\/images-51-300x217.jpeg 300w\" sizes=\"auto, (max-width: 652px) 100vw, 652px\" \/><\/figure>\n\n\n\n<p><\/p>\n","protected":false},"excerpt":{"rendered":"<p>O prefeito de Fortaleza, Jos\u00e9 Sarto, anunciou, nesta quinta-feira, dia 22 de abril, que a frota extra de \u00f4nibus ser\u00e1 prorrogada pelos pr\u00f3ximos 30 dias. Ele explicou que, ap\u00f3s di\u00e1logo com representantes do Sindi\u00f4nibus, o Governo do Estado e a Prefeitura ir\u00e3o aportar recursos do Tesouro Municipal e Estadual para manter o incremento de 200 \u00f4nibus nos hor\u00e1rios de pico na Capital. Durante a retomada gradual das atividades econ\u00f4micas, os setores produtivos funcionam em hor\u00e1rios diferentes. O com\u00e9rcio e&hellip;<\/p>\n","protected":false},"author":1,"featured_media":20935,"comment_status":"open","ping_status":"open","sticky":false,"template":"","format":"standard","meta":{"footnotes":""},"categories":[1],"tags":[],"class_list":["post-20934","post","type-post","status-publish","format-standard","has-post-thumbnail","hentry","category-noticias"],"_links":{"self":[{"href":"https:\/\/blogdorogeriogomes.com.br\/noticias\/wp-json\/wp\/v2\/posts\/20934","targetHints":{"allow":["GET"]}}],"collection":[{"href":"https:\/\/blogdorogeriogomes.com.br\/noticias\/wp-json\/wp\/v2\/posts"}],"about":[{"href":"https:\/\/blogdorogeriogomes.com.br\/noticias\/wp-json\/wp\/v2\/types\/post"}],"author":[{"embeddable":true,"href":"https:\/\/blogdorogeriogomes.com.br\/noticias\/wp-json\/wp\/v2\/users\/1"}],"replies":[{"embeddable":true,"href":"https:\/\/blogdorogeriogomes.com.br\/noticias\/wp-json\/wp\/v2\/comments?post=20934"}],"version-history":[{"count":1,"href":"https:\/\/blogdorogeriogomes.com.br\/noticias\/wp-json\/wp\/v2\/posts\/20934\/revisions"}],"predecessor-version":[{"id":20936,"href":"https:\/\/blogdorogeriogomes.com.br\/noticias\/wp-json\/wp\/v2\/posts\/20934\/revisions\/20936"}],"wp:featuredmedia":[{"embeddable":true,"href":"https:\/\/blogdorogeriogomes.com.br\/noticias\/wp-json\/wp\/v2\/media\/20935"}],"wp:attachment":[{"href":"https:\/\/blogdorogeriogomes.com.br\/noticias\/wp-json\/wp\/v2\/media?parent=20934"}],"wp:term":[{"taxonomy":"category","embeddable":true,"href":"https:\/\/blogdorogeriogomes.com.br\/noticias\/wp-json\/wp\/v2\/categories?post=20934"},{"taxonomy":"post_tag","embeddable":true,"href":"https:\/\/blogdorogeriogomes.com.br\/noticias\/wp-json\/wp\/v2\/tags?post=20934"}],"curies":[{"name":"wp","href":"https:\/\/api.w.org\/{rel}","templated":true}]}}