{"id":20938,"date":"2021-04-22T17:50:55","date_gmt":"2021-04-22T17:50:55","guid":{"rendered":"https:\/\/blogdorogeriogomes.com.br\/?p=20938"},"modified":"2021-04-22T19:11:45","modified_gmt":"2021-04-22T19:11:45","slug":"reajuste-da-aneel-deixa-conta-de-luz-quase-9-mais-cara-no-ceara","status":"publish","type":"post","link":"https:\/\/blogdorogeriogomes.com.br\/noticias\/2021\/04\/reajuste-da-aneel-deixa-conta-de-luz-quase-9-mais-cara-no-ceara\/","title":{"rendered":"Reajuste da Aneel deixa conta de luz quase 9% mais cara no Cear\u00e1"},"content":{"rendered":"\n<p>A partir desta quinta-feira, dia 22 de abril, seguindo o mais recente reajuste aprovado pela Ag\u00eancia Natural de Energia El\u00e9trica (Aneel), a conta de luz no Cear\u00e1 ficar\u00e1 em m\u00e9dia 8,95% mais cara. A altera\u00e7\u00e3o \u00e9 significativamente superior ao reajuste do ano passado, que no Estado esteve na m\u00e9dia de 3,94%.<\/p>\n\n\n\n<p>Para os consumidores de baixa tens\u00e3o, que inclui consumos comercial e residencial, o reajuste no valor da tarifa ser\u00e1 de 8,54%. J\u00e1 a mudan\u00e7a para os consumidores de alta tens\u00e3o, os industriais, foi de 10,21%. A popula\u00e7\u00e3o de baixa renda ser\u00e1 impactada com alta de 7,55%.<\/p>\n\n\n\n<p>Durante os meses de abril e maio, como medida emergencial decorrente da pandemia de Covid-19, o Governo do Cear\u00e1 coloca em pr\u00e1tica a lei aprovada no fim de mar\u00e7o que garante isen\u00e7\u00e3o na conta de luz para 500 mil fam\u00edlias de baixa renda no Estado (que consomem at\u00e9 100kw\/hora por m\u00eas).<\/p>\n\n\n\n<figure class=\"wp-block-image size-large\"><img loading=\"lazy\" decoding=\"async\" width=\"520\" height=\"390\" src=\"https:\/\/blogdorogeriogomes.com.br\/wp-content\/uploads\/2021\/04\/images-52.jpeg\" alt=\"\" class=\"wp-image-20939\" srcset=\"https:\/\/blogdorogeriogomes.com.br\/noticias\/wp-content\/uploads\/2021\/04\/images-52.jpeg 520w, https:\/\/blogdorogeriogomes.com.br\/noticias\/wp-content\/uploads\/2021\/04\/images-52-300x225.jpeg 300w, https:\/\/blogdorogeriogomes.com.br\/noticias\/wp-content\/uploads\/2021\/04\/images-52-400x300.jpeg 400w\" sizes=\"auto, (max-width: 520px) 100vw, 520px\" \/><\/figure>\n","protected":false},"excerpt":{"rendered":"<p>A partir desta quinta-feira, dia 22 de abril, seguindo o mais recente reajuste aprovado pela Ag\u00eancia Natural de Energia El\u00e9trica (Aneel), a conta de luz no Cear\u00e1 ficar\u00e1 em m\u00e9dia 8,95% mais cara. A altera\u00e7\u00e3o \u00e9 significativamente superior ao reajuste do ano passado, que no Estado esteve na m\u00e9dia de 3,94%. Para os consumidores de baixa tens\u00e3o, que inclui consumos comercial e residencial, o reajuste no valor da tarifa ser\u00e1 de 8,54%. J\u00e1 a mudan\u00e7a para os consumidores de&hellip;<\/p>\n","protected":false},"author":1,"featured_media":20939,"comment_status":"open","ping_status":"open","sticky":false,"template":"","format":"standard","meta":{"footnotes":""},"categories":[1],"tags":[],"class_list":["post-20938","post","type-post","status-publish","format-standard","has-post-thumbnail","hentry","category-noticias"],"_links":{"self":[{"href":"https:\/\/blogdorogeriogomes.com.br\/noticias\/wp-json\/wp\/v2\/posts\/20938","targetHints":{"allow":["GET"]}}],"collection":[{"href":"https:\/\/blogdorogeriogomes.com.br\/noticias\/wp-json\/wp\/v2\/posts"}],"about":[{"href":"https:\/\/blogdorogeriogomes.com.br\/noticias\/wp-json\/wp\/v2\/types\/post"}],"author":[{"embeddable":true,"href":"https:\/\/blogdorogeriogomes.com.br\/noticias\/wp-json\/wp\/v2\/users\/1"}],"replies":[{"embeddable":true,"href":"https:\/\/blogdorogeriogomes.com.br\/noticias\/wp-json\/wp\/v2\/comments?post=20938"}],"version-history":[{"count":1,"href":"https:\/\/blogdorogeriogomes.com.br\/noticias\/wp-json\/wp\/v2\/posts\/20938\/revisions"}],"predecessor-version":[{"id":20940,"href":"https:\/\/blogdorogeriogomes.com.br\/noticias\/wp-json\/wp\/v2\/posts\/20938\/revisions\/20940"}],"wp:featuredmedia":[{"embeddable":true,"href":"https:\/\/blogdorogeriogomes.com.br\/noticias\/wp-json\/wp\/v2\/media\/20939"}],"wp:attachment":[{"href":"https:\/\/blogdorogeriogomes.com.br\/noticias\/wp-json\/wp\/v2\/media?parent=20938"}],"wp:term":[{"taxonomy":"category","embeddable":true,"href":"https:\/\/blogdorogeriogomes.com.br\/noticias\/wp-json\/wp\/v2\/categories?post=20938"},{"taxonomy":"post_tag","embeddable":true,"href":"https:\/\/blogdorogeriogomes.com.br\/noticias\/wp-json\/wp\/v2\/tags?post=20938"}],"curies":[{"name":"wp","href":"https:\/\/api.w.org\/{rel}","templated":true}]}}